    {"id":283357,"date":"2026-04-30T17:37:41","date_gmt":"2026-04-30T16:37:41","guid":{"rendered":"https:\/\/www.ccb.pt\/ccb-recebe-visita-do-primeiro-ministro-no-ambito-do-forum-portugal-nacao-global\/"},"modified":"2026-04-30T18:33:34","modified_gmt":"2026-04-30T17:33:34","slug":"ccb-recebe-visita-do-primeiro-ministro-no-ambito-do-forum-portugal-nacao-global","status":"publish","type":"post","link":"https:\/\/www.ccb.pt\/en\/ccb-recebe-visita-do-primeiro-ministro-no-ambito-do-forum-portugal-nacao-global\/","title":{"rendered":"The CCB hosted a visit from the Prime Minister, Lu\u00eds Montenegro, as part of the forum Portugal, Na\u00e7\u00e3o Global"},"content":{"rendered":"<p>On 29 April, the CCB Congress and Meetings Centre hosted a visit from the Portuguese Prime Minister, Lu\u00eds Montenegro, the Minister of Foreign Affairs, Paulo Rangel, and the Secretary of State for Portuguese Communities, Em\u00eddio Sousa, as part of the forum <span style=\"color: #0000ff;\"><a style=\"color: #0000ff;\" href=\"https:\/\/portugalnacaoglobal.pt\/en\/\">Portugal, Na\u00e7\u00e3o Global<\/a><\/span>.<\/p>\n<p>&nbsp;<\/p>\n<p>They were received by Nuno Vassallo e Silva, Chairman of the Centro Cultural de Bel\u00e9m Foundation\u2019s Board of Directors, together with board members Rita Rom\u00e3o and Rui Morais, and took part in the opening of a meeting positioned as a strategic platform for intermunicipal governance structures, creating opportunities for economic diplomacy and the active attraction of investment.<\/p>\n<p>&nbsp;<\/p>\n<p>The initiative brings territorial decision-makers into direct contact with qualified and motivated investors, based on a tested methodology and measurable results. As such, it represents a solid step towards building a Portugal that is more connected to the world and better prepared for the future.<\/p>\n<p>&nbsp;<\/p>\n<p>The event took place at the Centro Cultural de Bel\u00e9m on 29 and 30 April.<\/p>\n<p>&nbsp;<\/p>\n<p>&nbsp;<\/p>\n<p>Photo \u00a9 Gon\u00e7alo Borges Dias\/GPM<\/p>\n","protected":false},"excerpt":{"rendered":"<p>On 29 April, the CCB Congress and Meetings Centre hosted a visit from the Portuguese Prime Minister, Lu\u00eds Montenegro, the Minister of Foreign Affairs, Paulo Rangel, and the Secretary of State for Portuguese Communities, Em\u00eddio Sousa, as part of the forum Portugal, Na\u00e7\u00e3o Global. &nbsp; They were received by Nuno Vassallo e Silva, Chairman of [&hellip;]<\/p>\n","protected":false},"author":964,"featured_media":283342,"comment_status":"closed","ping_status":"open","sticky":false,"template":"","format":"standard","meta":{"_relevanssi_hide_post":"","_relevanssi_pin_for_all":"","_relevanssi_pin_keywords":"","_relevanssi_unpin_keywords":"","_relevanssi_related_keywords":"","_relevanssi_related_include_ids":"","_relevanssi_related_exclude_ids":"","_relevanssi_related_no_append":"","_relevanssi_related_not_related":"","_relevanssi_related_posts":"","_relevanssi_noindex_reason":"","footnotes":""},"categories":[707],"acf":[],"yoast_head":"<!-- This site is optimized with the Yoast SEO plugin v22.3 - https:\/\/yoast.com\/wordpress\/plugins\/seo\/ -->\n<title>The CCB hosted a visit from the Prime Minister, Lu\u00eds Montenegro, as part of the forum Portugal, Na\u00e7\u00e3o Global - Centro Cultural de Bel\u00e9m Foundation<\/title>\n<meta name=\"description\" content=\"The CCB Congress and Meetings Centre hosted a visit from the Portuguese Prime Minister, Lu\u00eds Montenegro, as part of the forum \u201cPortugal, Na\u00e7\u00e3o Global\u201d.\" \/>\n<meta name=\"robots\" content=\"index, follow, max-snippet:-1, max-image-preview:large, max-video-preview:-1\" \/>\n<link rel=\"canonical\" href=\"https:\/\/www.ccb.pt\/en\/ccb-recebe-visita-do-primeiro-ministro-no-ambito-do-forum-portugal-nacao-global\/\" \/>\n<meta property=\"og:locale\" content=\"en_US\" \/>\n<meta property=\"og:type\" content=\"article\" \/>\n<meta property=\"og:title\" content=\"The CCB hosted a visit from the Prime Minister, Lu\u00eds Montenegro, as part of the forum Portugal, Na\u00e7\u00e3o Global\" \/>\n<meta property=\"og:description\" content=\"The CCB Congress and Meetings Centre hosted a visit from the Portuguese Prime Minister, Lu\u00eds Montenegro, as part of the forum \u201cPortugal, Na\u00e7\u00e3o Global\u201d.\" \/>\n<meta property=\"og:url\" content=\"https:\/\/www.ccb.pt\/en\/ccb-recebe-visita-do-primeiro-ministro-no-ambito-do-forum-portugal-nacao-global\/\" \/>\n<meta property=\"og:site_name\" content=\"Centro Cultural de Bel\u00e9m Foundation\" \/>\n<meta property=\"article:published_time\" content=\"2026-04-30T16:37:41+00:00\" \/>\n<meta property=\"article:modified_time\" content=\"2026-04-30T17:33:34+00:00\" \/>\n<meta property=\"og:image\" content=\"https:\/\/www.ccb.pt\/wp-content\/uploads\/2026\/04\/image-20260430-152930-153243c9.jpeg\" \/>\n\t<meta property=\"og:image:width\" content=\"2560\" \/>\n\t<meta property=\"og:image:height\" content=\"1706\" \/>\n\t<meta property=\"og:image:type\" content=\"image\/jpeg\" \/>\n<meta name=\"author\" content=\"tiagobueso\" \/>\n<meta name=\"twitter:card\" content=\"summary_large_image\" \/>\n<meta name=\"twitter:title\" content=\"The CCB hosted a visit from the Prime Minister, Lu\u00eds Montenegro, as part of the forum Portugal, Na\u00e7\u00e3o Global\" \/>\n<meta name=\"twitter:description\" content=\"The CCB Congress and Meetings Centre hosted a visit from the Portuguese Prime Minister, Lu\u00eds Montenegro, as part of the forum \u201cPortugal, Na\u00e7\u00e3o Global\u201d.\" \/>\n<meta name=\"twitter:image\" content=\"https:\/\/www.ccb.pt\/wp-content\/uploads\/2026\/04\/image-20260430-152930-153243c9.jpeg\" \/>\n<meta name=\"twitter:creator\" content=\"@macccb_museu\" \/>\n<meta name=\"twitter:site\" content=\"@macccb_museu\" \/>\n<meta name=\"twitter:label1\" content=\"Written by\" \/>\n\t<meta name=\"twitter:data1\" content=\"tiagobueso\" \/>\n\t<meta name=\"twitter:label2\" content=\"Est. reading time\" \/>\n\t<meta name=\"twitter:data2\" content=\"2 minutes\" \/>\n<script type=\"application\/ld+json\" class=\"yoast-schema-graph\">{\"@context\":\"https:\/\/schema.org\",\"@graph\":[{\"@type\":\"Article\",\"@id\":\"https:\/\/www.ccb.pt\/en\/ccb-recebe-visita-do-primeiro-ministro-no-ambito-do-forum-portugal-nacao-global\/#article\",\"isPartOf\":{\"@id\":\"https:\/\/www.ccb.pt\/en\/ccb-recebe-visita-do-primeiro-ministro-no-ambito-do-forum-portugal-nacao-global\/\"},\"author\":{\"name\":\"tiagobueso\",\"@id\":\"https:\/\/www.ccb.pt\/#\/schema\/person\/e957787edb8030e47e74ed3a3df47259\"},\"headline\":\"The CCB hosted a visit from the Prime Minister, Lu\u00eds Montenegro, as part of the forum Portugal, Na\u00e7\u00e3o Global\",\"datePublished\":\"2026-04-30T16:37:41+00:00\",\"dateModified\":\"2026-04-30T17:33:34+00:00\",\"mainEntityOfPage\":{\"@id\":\"https:\/\/www.ccb.pt\/en\/ccb-recebe-visita-do-primeiro-ministro-no-ambito-do-forum-portugal-nacao-global\/\"},\"wordCount\":197,\"publisher\":{\"@id\":\"https:\/\/www.ccb.pt\/#organization\"},\"image\":{\"@id\":\"https:\/\/www.ccb.pt\/en\/ccb-recebe-visita-do-primeiro-ministro-no-ambito-do-forum-portugal-nacao-global\/#primaryimage\"},\"thumbnailUrl\":\"https:\/\/www.ccb.pt\/wp-content\/uploads\/2026\/04\/image-20260430-152930-153243c9.jpeg\",\"articleSection\":[\"Not\u00edcia\"],\"inLanguage\":\"en-US\"},{\"@type\":\"WebPage\",\"@id\":\"https:\/\/www.ccb.pt\/en\/ccb-recebe-visita-do-primeiro-ministro-no-ambito-do-forum-portugal-nacao-global\/\",\"url\":\"https:\/\/www.ccb.pt\/en\/ccb-recebe-visita-do-primeiro-ministro-no-ambito-do-forum-portugal-nacao-global\/\",\"name\":\"The CCB hosted a visit from the Prime Minister, Lu\u00eds Montenegro, as part of the forum Portugal, Na\u00e7\u00e3o Global - Centro Cultural de Bel\u00e9m Foundation\",\"isPartOf\":{\"@id\":\"https:\/\/www.ccb.pt\/#website\"},\"primaryImageOfPage\":{\"@id\":\"https:\/\/www.ccb.pt\/en\/ccb-recebe-visita-do-primeiro-ministro-no-ambito-do-forum-portugal-nacao-global\/#primaryimage\"},\"image\":{\"@id\":\"https:\/\/www.ccb.pt\/en\/ccb-recebe-visita-do-primeiro-ministro-no-ambito-do-forum-portugal-nacao-global\/#primaryimage\"},\"thumbnailUrl\":\"https:\/\/www.ccb.pt\/wp-content\/uploads\/2026\/04\/image-20260430-152930-153243c9.jpeg\",\"datePublished\":\"2026-04-30T16:37:41+00:00\",\"dateModified\":\"2026-04-30T17:33:34+00:00\",\"description\":\"The CCB Congress and Meetings Centre hosted a visit from the Portuguese Prime Minister, Lu\u00eds Montenegro, as part of the forum \u201cPortugal, Na\u00e7\u00e3o Global\u201d.\",\"breadcrumb\":{\"@id\":\"https:\/\/www.ccb.pt\/en\/ccb-recebe-visita-do-primeiro-ministro-no-ambito-do-forum-portugal-nacao-global\/#breadcrumb\"},\"inLanguage\":\"en-US\",\"potentialAction\":[{\"@type\":\"ReadAction\",\"target\":[\"https:\/\/www.ccb.pt\/en\/ccb-recebe-visita-do-primeiro-ministro-no-ambito-do-forum-portugal-nacao-global\/\"]}]},{\"@type\":\"ImageObject\",\"inLanguage\":\"en-US\",\"@id\":\"https:\/\/www.ccb.pt\/en\/ccb-recebe-visita-do-primeiro-ministro-no-ambito-do-forum-portugal-nacao-global\/#primaryimage\",\"url\":\"https:\/\/www.ccb.pt\/wp-content\/uploads\/2026\/04\/image-20260430-152930-153243c9.jpeg\",\"contentUrl\":\"https:\/\/www.ccb.pt\/wp-content\/uploads\/2026\/04\/image-20260430-152930-153243c9.jpeg\",\"width\":2560,\"height\":1706,\"caption\":\"Portugal, Na\u00e7\u00e3o Global\"},{\"@type\":\"BreadcrumbList\",\"@id\":\"https:\/\/www.ccb.pt\/en\/ccb-recebe-visita-do-primeiro-ministro-no-ambito-do-forum-portugal-nacao-global\/#breadcrumb\",\"itemListElement\":[{\"@type\":\"ListItem\",\"position\":1,\"name\":\"Home\",\"item\":\"https:\/\/www.ccb.pt\/en\/\"},{\"@type\":\"ListItem\",\"position\":2,\"name\":\"The CCB hosted a visit from the Prime Minister, Lu\u00eds Montenegro, as part of the forum Portugal, Na\u00e7\u00e3o Global\"}]},{\"@type\":\"WebSite\",\"@id\":\"https:\/\/www.ccb.pt\/#website\",\"url\":\"https:\/\/www.ccb.pt\/\",\"name\":\"Centro Cultural de Bel\u00e9m Foundation\",\"description\":\"\",\"publisher\":{\"@id\":\"https:\/\/www.ccb.pt\/#organization\"},\"potentialAction\":[{\"@type\":\"SearchAction\",\"target\":{\"@type\":\"EntryPoint\",\"urlTemplate\":\"https:\/\/www.ccb.pt\/?s={search_term_string}\"},\"query-input\":\"required name=search_term_string\"}],\"inLanguage\":\"en-US\"},{\"@type\":\"Organization\",\"@id\":\"https:\/\/www.ccb.pt\/#organization\",\"name\":\"Centro Cultural de Bel\u00e9m Foundation\",\"url\":\"https:\/\/www.ccb.pt\/\",\"logo\":{\"@type\":\"ImageObject\",\"inLanguage\":\"en-US\",\"@id\":\"https:\/\/www.ccb.pt\/#\/schema\/logo\/image\/\",\"url\":\"https:\/\/www.ccb.pt\/wp-content\/uploads\/2022\/05\/1_ccb.png\",\"contentUrl\":\"https:\/\/www.ccb.pt\/wp-content\/uploads\/2022\/05\/1_ccb.png\",\"width\":126,\"height\":100,\"caption\":\"Centro Cultural de Bel\u00e9m Foundation\"},\"image\":{\"@id\":\"https:\/\/www.ccb.pt\/#\/schema\/logo\/image\/\"},\"sameAs\":[\"https:\/\/twitter.com\/macccb_museu\"]},{\"@type\":\"Person\",\"@id\":\"https:\/\/www.ccb.pt\/#\/schema\/person\/e957787edb8030e47e74ed3a3df47259\",\"name\":\"tiagobueso\",\"image\":{\"@type\":\"ImageObject\",\"inLanguage\":\"en-US\",\"@id\":\"https:\/\/www.ccb.pt\/#\/schema\/person\/image\/\",\"url\":\"https:\/\/secure.gravatar.com\/avatar\/696b8b0a56cf5b99df40c12ba8b79f14?s=96&d=mm&r=g\",\"contentUrl\":\"https:\/\/secure.gravatar.com\/avatar\/696b8b0a56cf5b99df40c12ba8b79f14?s=96&d=mm&r=g\",\"caption\":\"tiagobueso\"}}]}<\/script>\n<!-- \/ Yoast SEO plugin. -->","yoast_head_json":{"title":"The CCB hosted a visit from the Prime Minister, Lu\u00eds Montenegro, as part of the forum Portugal, Na\u00e7\u00e3o Global - Centro Cultural de Bel\u00e9m Foundation","description":"The CCB Congress and Meetings Centre hosted a visit from the Portuguese Prime Minister, Lu\u00eds Montenegro, as part of the forum \u201cPortugal, Na\u00e7\u00e3o Global\u201d.","robots":{"index":"index","follow":"follow","max-snippet":"max-snippet:-1","max-image-preview":"max-image-preview:large","max-video-preview":"max-video-preview:-1"},"canonical":"https:\/\/www.ccb.pt\/en\/ccb-recebe-visita-do-primeiro-ministro-no-ambito-do-forum-portugal-nacao-global\/","og_locale":"en_US","og_type":"article","og_title":"The CCB hosted a visit from the Prime Minister, Lu\u00eds Montenegro, as part of the forum Portugal, Na\u00e7\u00e3o Global","og_description":"The CCB Congress and Meetings Centre hosted a visit from the Portuguese Prime Minister, Lu\u00eds Montenegro, as part of the forum \u201cPortugal, Na\u00e7\u00e3o Global\u201d.","og_url":"https:\/\/www.ccb.pt\/en\/ccb-recebe-visita-do-primeiro-ministro-no-ambito-do-forum-portugal-nacao-global\/","og_site_name":"Centro Cultural de Bel\u00e9m Foundation","article_published_time":"2026-04-30T16:37:41+00:00","article_modified_time":"2026-04-30T17:33:34+00:00","og_image":[{"width":2560,"height":1706,"url":"https:\/\/www.ccb.pt\/wp-content\/uploads\/2026\/04\/image-20260430-152930-153243c9.jpeg","type":"image\/jpeg"}],"author":"tiagobueso","twitter_card":"summary_large_image","twitter_title":"The CCB hosted a visit from the Prime Minister, Lu\u00eds Montenegro, as part of the forum Portugal, Na\u00e7\u00e3o Global","twitter_description":"The CCB Congress and Meetings Centre hosted a visit from the Portuguese Prime Minister, Lu\u00eds Montenegro, as part of the forum \u201cPortugal, Na\u00e7\u00e3o Global\u201d.","twitter_image":"https:\/\/www.ccb.pt\/wp-content\/uploads\/2026\/04\/image-20260430-152930-153243c9.jpeg","twitter_creator":"@macccb_museu","twitter_site":"@macccb_museu","twitter_misc":{"Written by":"tiagobueso","Est. reading time":"2 minutes"},"schema":{"@context":"https:\/\/schema.org","@graph":[{"@type":"Article","@id":"https:\/\/www.ccb.pt\/en\/ccb-recebe-visita-do-primeiro-ministro-no-ambito-do-forum-portugal-nacao-global\/#article","isPartOf":{"@id":"https:\/\/www.ccb.pt\/en\/ccb-recebe-visita-do-primeiro-ministro-no-ambito-do-forum-portugal-nacao-global\/"},"author":{"name":"tiagobueso","@id":"https:\/\/www.ccb.pt\/#\/schema\/person\/e957787edb8030e47e74ed3a3df47259"},"headline":"The CCB hosted a visit from the Prime Minister, Lu\u00eds Montenegro, as part of the forum Portugal, Na\u00e7\u00e3o Global","datePublished":"2026-04-30T16:37:41+00:00","dateModified":"2026-04-30T17:33:34+00:00","mainEntityOfPage":{"@id":"https:\/\/www.ccb.pt\/en\/ccb-recebe-visita-do-primeiro-ministro-no-ambito-do-forum-portugal-nacao-global\/"},"wordCount":197,"publisher":{"@id":"https:\/\/www.ccb.pt\/#organization"},"image":{"@id":"https:\/\/www.ccb.pt\/en\/ccb-recebe-visita-do-primeiro-ministro-no-ambito-do-forum-portugal-nacao-global\/#primaryimage"},"thumbnailUrl":"https:\/\/www.ccb.pt\/wp-content\/uploads\/2026\/04\/image-20260430-152930-153243c9.jpeg","articleSection":["Not\u00edcia"],"inLanguage":"en-US"},{"@type":"WebPage","@id":"https:\/\/www.ccb.pt\/en\/ccb-recebe-visita-do-primeiro-ministro-no-ambito-do-forum-portugal-nacao-global\/","url":"https:\/\/www.ccb.pt\/en\/ccb-recebe-visita-do-primeiro-ministro-no-ambito-do-forum-portugal-nacao-global\/","name":"The CCB hosted a visit from the Prime Minister, Lu\u00eds Montenegro, as part of the forum Portugal, Na\u00e7\u00e3o Global - Centro Cultural de Bel\u00e9m Foundation","isPartOf":{"@id":"https:\/\/www.ccb.pt\/#website"},"primaryImageOfPage":{"@id":"https:\/\/www.ccb.pt\/en\/ccb-recebe-visita-do-primeiro-ministro-no-ambito-do-forum-portugal-nacao-global\/#primaryimage"},"image":{"@id":"https:\/\/www.ccb.pt\/en\/ccb-recebe-visita-do-primeiro-ministro-no-ambito-do-forum-portugal-nacao-global\/#primaryimage"},"thumbnailUrl":"https:\/\/www.ccb.pt\/wp-content\/uploads\/2026\/04\/image-20260430-152930-153243c9.jpeg","datePublished":"2026-04-30T16:37:41+00:00","dateModified":"2026-04-30T17:33:34+00:00","description":"The CCB Congress and Meetings Centre hosted a visit from the Portuguese Prime Minister, Lu\u00eds Montenegro, as part of the forum \u201cPortugal, Na\u00e7\u00e3o Global\u201d.","breadcrumb":{"@id":"https:\/\/www.ccb.pt\/en\/ccb-recebe-visita-do-primeiro-ministro-no-ambito-do-forum-portugal-nacao-global\/#breadcrumb"},"inLanguage":"en-US","potentialAction":[{"@type":"ReadAction","target":["https:\/\/www.ccb.pt\/en\/ccb-recebe-visita-do-primeiro-ministro-no-ambito-do-forum-portugal-nacao-global\/"]}]},{"@type":"ImageObject","inLanguage":"en-US","@id":"https:\/\/www.ccb.pt\/en\/ccb-recebe-visita-do-primeiro-ministro-no-ambito-do-forum-portugal-nacao-global\/#primaryimage","url":"https:\/\/www.ccb.pt\/wp-content\/uploads\/2026\/04\/image-20260430-152930-153243c9.jpeg","contentUrl":"https:\/\/www.ccb.pt\/wp-content\/uploads\/2026\/04\/image-20260430-152930-153243c9.jpeg","width":2560,"height":1706,"caption":"Portugal, Na\u00e7\u00e3o Global"},{"@type":"BreadcrumbList","@id":"https:\/\/www.ccb.pt\/en\/ccb-recebe-visita-do-primeiro-ministro-no-ambito-do-forum-portugal-nacao-global\/#breadcrumb","itemListElement":[{"@type":"ListItem","position":1,"name":"Home","item":"https:\/\/www.ccb.pt\/en\/"},{"@type":"ListItem","position":2,"name":"The CCB hosted a visit from the Prime Minister, Lu\u00eds Montenegro, as part of the forum Portugal, Na\u00e7\u00e3o Global"}]},{"@type":"WebSite","@id":"https:\/\/www.ccb.pt\/#website","url":"https:\/\/www.ccb.pt\/","name":"Centro Cultural de Bel\u00e9m Foundation","description":"","publisher":{"@id":"https:\/\/www.ccb.pt\/#organization"},"potentialAction":[{"@type":"SearchAction","target":{"@type":"EntryPoint","urlTemplate":"https:\/\/www.ccb.pt\/?s={search_term_string}"},"query-input":"required name=search_term_string"}],"inLanguage":"en-US"},{"@type":"Organization","@id":"https:\/\/www.ccb.pt\/#organization","name":"Centro Cultural de Bel\u00e9m Foundation","url":"https:\/\/www.ccb.pt\/","logo":{"@type":"ImageObject","inLanguage":"en-US","@id":"https:\/\/www.ccb.pt\/#\/schema\/logo\/image\/","url":"https:\/\/www.ccb.pt\/wp-content\/uploads\/2022\/05\/1_ccb.png","contentUrl":"https:\/\/www.ccb.pt\/wp-content\/uploads\/2022\/05\/1_ccb.png","width":126,"height":100,"caption":"Centro Cultural de Bel\u00e9m Foundation"},"image":{"@id":"https:\/\/www.ccb.pt\/#\/schema\/logo\/image\/"},"sameAs":["https:\/\/twitter.com\/macccb_museu"]},{"@type":"Person","@id":"https:\/\/www.ccb.pt\/#\/schema\/person\/e957787edb8030e47e74ed3a3df47259","name":"tiagobueso","image":{"@type":"ImageObject","inLanguage":"en-US","@id":"https:\/\/www.ccb.pt\/#\/schema\/person\/image\/","url":"https:\/\/secure.gravatar.com\/avatar\/696b8b0a56cf5b99df40c12ba8b79f14?s=96&d=mm&r=g","contentUrl":"https:\/\/secure.gravatar.com\/avatar\/696b8b0a56cf5b99df40c12ba8b79f14?s=96&d=mm&r=g","caption":"tiagobueso"}}]}},"_links":{"self":[{"href":"https:\/\/www.ccb.pt\/en\/wp-json\/wp\/v2\/posts\/283357"}],"collection":[{"href":"https:\/\/www.ccb.pt\/en\/wp-json\/wp\/v2\/posts"}],"about":[{"href":"https:\/\/www.ccb.pt\/en\/wp-json\/wp\/v2\/types\/post"}],"author":[{"embeddable":true,"href":"https:\/\/www.ccb.pt\/en\/wp-json\/wp\/v2\/users\/964"}],"replies":[{"embeddable":true,"href":"https:\/\/www.ccb.pt\/en\/wp-json\/wp\/v2\/comments?post=283357"}],"version-history":[{"count":9,"href":"https:\/\/www.ccb.pt\/en\/wp-json\/wp\/v2\/posts\/283357\/revisions"}],"predecessor-version":[{"id":283367,"href":"https:\/\/www.ccb.pt\/en\/wp-json\/wp\/v2\/posts\/283357\/revisions\/283367"}],"wp:featuredmedia":[{"embeddable":true,"href":"https:\/\/www.ccb.pt\/en\/wp-json\/wp\/v2\/media\/283342"}],"wp:attachment":[{"href":"https:\/\/www.ccb.pt\/en\/wp-json\/wp\/v2\/media?parent=283357"}],"wp:term":[{"taxonomy":"category","embeddable":true,"href":"https:\/\/www.ccb.pt\/en\/wp-json\/wp\/v2\/categories?post=283357"}],"curies":[{"name":"wp","href":"https:\/\/api.w.org\/{rel}","templated":true}]}}