    {"id":296349,"global_id":"www.ccb.pt\/en\/?id=296349","global_id_lineage":["www.ccb.pt\/en\/?id=296349"],"author":"6","status":"publish","date":"2025-08-27 10:00:55","date_utc":"2025-08-27 09:00:55","modified":"2026-08-31 16:17:07","modified_utc":"2026-08-31 15:17:07","url":"https:\/\/www.ccb.pt\/en\/evento\/mac-ccb-anniversary\/2026-10-24\/","rest_url":"https:\/\/www.ccb.pt\/en\/wp-json\/tribe\/events\/v1\/events\/296349","title":"MAC\/CCB 3rd Anniversary","description":"<p>October brings along the museum\u2019s 3rd anniversary, and we take the opportunity to forge unexpected connections between the current exhibitions. Talks, tours, performances, and intersections between the visual arts and the Architecture Centre deepen the dialogue we wish to continue throughout the year with everyone who visits us, and which is further strengthened during these three days of free admission.<\/p>\n<p>&nbsp;<\/p>\n<h3>23 October<\/h3>\n<p>\u2192 <strong>6:00pm in the MAC\/CCB Auditorium<\/strong><br \/>\nTalk in preview with \u00c2ngela Ferreira and Nuria Enguita<\/p>\n<p>\u2192 <strong>7:00pm on Floor 0<\/strong><br \/>\nOpenning exhibition <em>\u00c2ngela Ferreira. Here I Stand\u00a0<\/em><\/p>\n<p><strong>\u2192 8:00pm on Floor 0<\/strong><br \/>\nDJ SET<\/p>\n<p>&nbsp;<\/p>\n<h3><strong>24 October<\/strong><\/h3>\n<p>\u2192 <strong>12:00am in the MAC\/CCB Auditorium<\/strong><br \/>\nTalk with MAC\/CCB curators Filipe Magalh\u00e3es and Marta Mestre<\/p>\n<p>\u2192 <strong>3:00pm on Level -1<\/strong><br \/>\nTour\/Talk with curator Marta Mestre, COLECTIVOFACA (Andreia Coutinho and Maribel Mendes Sobreira), and \u00cdcaro Lira<\/p>\n<p>\u2192 <strong>5:00pm on Level -1<\/strong><br \/>\n<span class=\"TextRun SCXW185809887 BCX8\" lang=\"PT-PT\" xml:lang=\"PT-PT\" data-contrast=\"auto\"><span class=\"NormalTextRun SCXW185809887 BCX8\">DISCREET MUSIC SERIES \u2014 Nkisi and Gon\u00e7alo F. Cardoso \/ Gonzo<br \/>\nThis 60-minute performance explores the immersive, meditative, and sonic dimensions of the encounter between Nkisi and Gon\u00e7alo Cardoso<\/span><\/span><\/p>\n<p>\u2192 <strong>6:00pm at CCB Square<\/strong><br \/>\n<span class=\"TextRun SCXW185809887 BCX8\" lang=\"PT-PT\" xml:lang=\"PT-PT\" data-contrast=\"auto\"><span class=\"NormalTextRun SCXW185809887 BCX8\">Performance <\/span><\/span><em><span class=\"TextRun SCXW185809887 BCX8\" lang=\"PT-PT\" xml:lang=\"PT-PT\" data-contrast=\"auto\"><span class=\"NormalTextRun SCXW185809887 BCX8\">\u00c2ngela Ferreira.\u00a0<\/span><span class=\"NormalTextRun SpellingErrorV2Themed SCXW185809887 BCX8\">Here<\/span><span class=\"NormalTextRun SCXW185809887 BCX8\">\u00a0I Stand<\/span><\/span><\/em><\/p>\n<h3><strong><br \/>\n25 October<\/strong><\/h3>\n<p>\u2192 <strong>3:00pm, Level 0<\/strong><br \/>\n<span class=\"TextRun SCXW185809887 BCX8\" lang=\"PT-PT\" xml:lang=\"PT-PT\" data-contrast=\"auto\"><span class=\"NormalTextRun SCXW185809887 BCX8\">Tour\/Talk with \u00c2ngela Ferreira and Nuria Enguita <\/span><\/span><em><span class=\"TextRun SCXW185809887 BCX8\" lang=\"PT-PT\" xml:lang=\"PT-PT\" data-contrast=\"auto\"><span class=\"NormalTextRun SCXW185809887 BCX8\">\u00c2ngela Ferreira.\u00a0<\/span><span class=\"NormalTextRun SpellingErrorV2Themed SCXW185809887 BCX8\">Here<\/span><span class=\"NormalTextRun SCXW185809887 BCX8\">\u00a0I Stand<\/span><\/span><\/em><\/p>\n<p><strong>\u2192 4:00pm in the MAC\/CCB Auditorium<\/strong><br \/>\nPresentation of the catalogs launched in 2026<\/p>\n<p>\u2192 <strong>5:00pm in the MAC\/CCB Auditorium<\/strong><br \/>\n&#8220;The Temptation of Legibility: The Critical Dimension of Art in the Face of Thematic Conformism&#8221;<br \/>\nTalk by Ant\u00f3nio Guerreiro, presented by Nuria Enguita<\/p>\n<p>&nbsp;<\/p>\n<p>&nbsp;<\/p>\n<p>&nbsp;<\/p>\n<p>&nbsp;<\/p>\n<p>&nbsp;<\/p>","excerpt":"","slug":"mac-ccb-anniversary-2026-10-24","image":{"url":"https:\/\/www.ccb.pt\/wp-content\/uploads\/2025\/08\/OlhosMultiplos_LuainaHimid_MAC_CCB7creditoPedroJafuno-destaque.jpg","id":298704,"extension":"jpg","width":2000,"height":925,"filesize":465359,"sizes":{"medium":{"width":300,"height":139,"mime-type":"image\/jpeg","filesize":10188,"url":"https:\/\/www.ccb.pt\/wp-content\/uploads\/2025\/08\/OlhosMultiplos_LuainaHimid_MAC_CCB7creditoPedroJafuno-destaque-300x139.jpg"},"large":{"width":1024,"height":474,"mime-type":"image\/jpeg","filesize":71434,"url":"https:\/\/www.ccb.pt\/wp-content\/uploads\/2025\/08\/OlhosMultiplos_LuainaHimid_MAC_CCB7creditoPedroJafuno-destaque-1024x474.jpg"},"thumbnail":{"width":150,"height":150,"mime-type":"image\/jpeg","filesize":6427,"url":"https:\/\/www.ccb.pt\/wp-content\/uploads\/2025\/08\/OlhosMultiplos_LuainaHimid_MAC_CCB7creditoPedroJafuno-destaque-150x150.jpg"},"medium_large":{"width":768,"height":355,"mime-type":"image\/jpeg","filesize":45507,"url":"https:\/\/www.ccb.pt\/wp-content\/uploads\/2025\/08\/OlhosMultiplos_LuainaHimid_MAC_CCB7creditoPedroJafuno-destaque-768x355.jpg"},"1536x1536":{"width":1536,"height":710,"mime-type":"image\/jpeg","filesize":132339,"url":"https:\/\/www.ccb.pt\/wp-content\/uploads\/2025\/08\/OlhosMultiplos_LuainaHimid_MAC_CCB7creditoPedroJafuno-destaque-1536x710.jpg"},"home-1":{"width":385,"height":554,"mime-type":"image\/jpeg","filesize":39231,"url":"https:\/\/www.ccb.pt\/wp-content\/uploads\/2025\/08\/OlhosMultiplos_LuainaHimid_MAC_CCB7creditoPedroJafuno-destaque-385x554.jpg"},"home-2":{"width":600,"height":272,"mime-type":"image\/jpeg","filesize":29430,"url":"https:\/\/www.ccb.pt\/wp-content\/uploads\/2025\/08\/OlhosMultiplos_LuainaHimid_MAC_CCB7creditoPedroJafuno-destaque-600x272.jpg"},"banners":{"width":2000,"height":893,"mime-type":"image\/jpeg","filesize":194328,"url":"https:\/\/www.ccb.pt\/wp-content\/uploads\/2025\/08\/OlhosMultiplos_LuainaHimid_MAC_CCB7creditoPedroJafuno-destaque-2000x893.jpg"},"custom_card_size":{"width":436,"height":220,"mime-type":"image\/jpeg","filesize":20410,"url":"https:\/\/www.ccb.pt\/wp-content\/uploads\/2025\/08\/OlhosMultiplos_LuainaHimid_MAC_CCB7creditoPedroJafuno-destaque-436x220.jpg"}}},"all_day":false,"start_date":"2026-10-24 10:00:00","start_date_details":{"year":"2026","month":"10","day":"24","hour":"10","minutes":"00","seconds":"00"},"end_date":"2026-10-24 18:30:00","end_date_details":{"year":"2026","month":"10","day":"24","hour":"18","minutes":"30","seconds":"00"},"utc_start_date":"2026-10-24 09:00:00","utc_start_date_details":{"year":"2026","month":"10","day":"24","hour":"09","minutes":"00","seconds":"00"},"utc_end_date":"2026-10-24 17:30:00","utc_end_date_details":{"year":"2026","month":"10","day":"24","hour":"17","minutes":"30","seconds":"00"},"timezone":"Europe\/Lisbon","timezone_abbr":"","cost":"","cost_details":{"currency_symbol":"","currency_code":"","currency_position":"prefix","values":[]},"website":"","show_map":false,"show_map_link":true,"hide_from_listings":false,"sticky":false,"featured":false,"categories":[{"name":"Ativities","slug":"atividades-en","term_group":0,"term_taxonomy_id":646,"taxonomy":"tribe_events_cat","description":"","parent":0,"count":70,"filter":"raw","term_order":"0","id":646,"urls":{"self":"https:\/\/www.ccb.pt\/en\/wp-json\/tribe\/events\/v1\/categories\/646","collection":"https:\/\/www.ccb.pt\/en\/wp-json\/tribe\/events\/v1\/categories"}},{"name":"Families","slug":"families","term_group":0,"term_taxonomy_id":617,"taxonomy":"tribe_events_cat","description":"","parent":0,"count":64,"filter":"raw","term_order":"0","id":617,"urls":{"self":"https:\/\/www.ccb.pt\/en\/wp-json\/tribe\/events\/v1\/categories\/617","collection":"https:\/\/www.ccb.pt\/en\/wp-json\/tribe\/events\/v1\/categories"}},{"name":"MAC\/CCB","slug":"mac-ccb-en","term_group":0,"term_taxonomy_id":565,"taxonomy":"tribe_events_cat","description":"","parent":0,"count":344,"filter":"raw","term_order":"0","id":565,"urls":{"self":"https:\/\/www.ccb.pt\/en\/wp-json\/tribe\/events\/v1\/categories\/565","collection":"https:\/\/www.ccb.pt\/en\/wp-json\/tribe\/events\/v1\/categories"}},{"name":"Music","slug":"music","term_group":0,"term_taxonomy_id":590,"taxonomy":"tribe_events_cat","description":"","parent":0,"count":300,"filter":"raw","term_order":"0","id":590,"urls":{"self":"https:\/\/www.ccb.pt\/en\/wp-json\/tribe\/events\/v1\/categories\/590","collection":"https:\/\/www.ccb.pt\/en\/wp-json\/tribe\/events\/v1\/categories"}},{"name":"Performance","slug":"performance-en","term_group":0,"term_taxonomy_id":649,"taxonomy":"tribe_events_cat","description":"","parent":0,"count":16,"filter":"raw","term_order":"0","id":649,"urls":{"self":"https:\/\/www.ccb.pt\/en\/wp-json\/tribe\/events\/v1\/categories\/649","collection":"https:\/\/www.ccb.pt\/en\/wp-json\/tribe\/events\/v1\/categories"}}],"tags":[{"name":"Exhibition","slug":"exposicoes-en","term_group":0,"term_taxonomy_id":563,"taxonomy":"post_tag","description":"","parent":0,"count":304,"filter":"raw","term_order":"0","id":563,"urls":{"self":"https:\/\/www.ccb.pt\/en\/wp-json\/tribe\/events\/v1\/tags\/563","collection":"https:\/\/www.ccb.pt\/en\/wp-json\/tribe\/events\/v1\/tags"}},{"name":"Guided Tour","slug":"guided-tour-en","term_group":0,"term_taxonomy_id":678,"taxonomy":"post_tag","description":"","parent":0,"count":15,"filter":"raw","term_order":"0","id":678,"urls":{"self":"https:\/\/www.ccb.pt\/en\/wp-json\/tribe\/events\/v1\/tags\/678","collection":"https:\/\/www.ccb.pt\/en\/wp-json\/tribe\/events\/v1\/tags"}},{"name":"Music","slug":"musica-en","term_group":0,"term_taxonomy_id":669,"taxonomy":"post_tag","description":"","parent":0,"count":201,"filter":"raw","term_order":"0","id":669,"urls":{"self":"https:\/\/www.ccb.pt\/en\/wp-json\/tribe\/events\/v1\/tags\/669","collection":"https:\/\/www.ccb.pt\/en\/wp-json\/tribe\/events\/v1\/tags"}}],"venue":{"id":117320,"author":"1","status":"publish","date":"2023-04-06 09:52:51","date_utc":"2023-04-06 08:52:51","modified":"2023-04-06 12:39:48","modified_utc":"2023-04-06 11:39:48","url":"https:\/\/www.ccb.pt\/venue\/centro-cultural-de-belem\/","venue":"Centro Cultural de Bel\u00e9m","slug":"centro-cultural-de-belem","address":"Pra\u00e7a do Imp\u00e9rio","city":"Lisboa","country":"Portugal","province":"Lisboa","zip":"1449-003","phone":"(+351) 21 361 2400","stateprovince":"Lisboa","json_ld":{"@type":"Place","name":"Centro Cultural de Bel\u00e9m","description":"","url":"https:\/\/www.ccb.pt\/venue\/centro-cultural-de-belem\/","address":{"@type":"PostalAddress","streetAddress":"Pra\u00e7a do Imp\u00e9rio","addressLocality":"Lisboa","addressRegion":"Lisboa","postalCode":"1449-003","addressCountry":"Portugal"},"telephone":"(+351) 21 361 2400","sameAs":""},"show_map":false,"show_map_link":false,"global_id":"www.ccb.pt\/en\/?id=117320","global_id_lineage":["www.ccb.pt\/en\/?id=117320"]},"organizer":[],"json_ld":{"@context":"http:\/\/schema.org","@type":"Event","name":"MAC\/CCB 3rd Anniversary","description":"&lt;p&gt;October brings along the museum\u2019s 3rd anniversary, and we take the opportunity to forge unexpected connections between the current exhibitions. Talks, tours, performances, and intersections between the visual arts and the Architecture Centre deepen the dialogue we wish to continue throughout the year with everyone who visits us, and which is further strengthened during these [&hellip;]&lt;\/p&gt;\\n","image":"https:\/\/www.ccb.pt\/wp-content\/uploads\/2025\/08\/OlhosMultiplos_LuainaHimid_MAC_CCB7creditoPedroJafuno-destaque.jpg","url":"https:\/\/www.ccb.pt\/en\/evento\/mac-ccb-anniversary\/2026-10-24\/","startDate":"2026-10-24T10:00:00+01:00","endDate":"2026-10-24T18:30:00+01:00","location":{"@type":"Place","name":"Centro Cultural de Bel\u00e9m","description":"","url":"https:\/\/www.ccb.pt\/venue\/centro-cultural-de-belem\/","address":{"@type":"PostalAddress","streetAddress":"Pra\u00e7a do Imp\u00e9rio","addressLocality":"Lisboa","addressRegion":"Lisboa","postalCode":"1449-003","addressCountry":"Portugal"},"telephone":"(+351) 21 361 2400","sameAs":""},"performer":"Organization"}}