    {"id":269075,"global_id":"www.ccb.pt\/en\/?id=269075","global_id_lineage":["www.ccb.pt\/en\/?id=269075"],"author":"6","status":"publish","date":"2025-09-12 09:20:07","date_utc":"2025-09-12 08:20:07","modified":"2026-03-23 11:24:56","modified_utc":"2026-03-23 11:24:56","url":"https:\/\/www.ccb.pt\/en\/evento\/easter-concert-requiem-by-mozart\/2026-04-02\/","rest_url":"https:\/\/www.ccb.pt\/en\/wp-json\/tribe\/events\/v1\/events\/269075","title":"Easter Concert \u2013 Requiem by Mozart","description":"<p>Mozart\u2019s <em>Requiem<\/em> stands as a monument to the human condition. Its origins contain all the ingredients of a best-selling novel: the artist\u2019s absolute devotion to his craft, secret identities, conspiracy, death \u2014 all embodied in the very musical form most closely tied to those themes. Yet beyond its mysterious history, it is sublime music that deeply moves the listener. In all its beauty, it steps firmly across the thresholds of human understanding, becoming a meditation on existence, hope, transcendence, mystery, and the meaning of life itself.<\/p>\n<p>&nbsp;<\/p>\n<p>Pre-concert talk by Rui Campos Leit\u00e3o<\/p>","excerpt":"","slug":"easter-concert-requiem-by-mozart-2026-04-02","image":false,"all_day":false,"start_date":"2026-04-02 20:00:00","start_date_details":{"year":"2026","month":"04","day":"02","hour":"20","minutes":"00","seconds":"00"},"end_date":"2026-04-02 21:00:00","end_date_details":{"year":"2026","month":"04","day":"02","hour":"21","minutes":"00","seconds":"00"},"utc_start_date":"2026-04-02 19:00:00","utc_start_date_details":{"year":"2026","month":"04","day":"02","hour":"19","minutes":"00","seconds":"00"},"utc_end_date":"2026-04-02 20:00:00","utc_end_date_details":{"year":"2026","month":"04","day":"02","hour":"20","minutes":"00","seconds":"00"},"timezone":"Europe\/Lisbon","timezone_abbr":"","cost":"","cost_details":{"currency_symbol":"","currency_code":"","currency_position":"prefix","values":[]},"website":"","show_map":false,"show_map_link":true,"hide_from_listings":false,"sticky":false,"featured":false,"categories":[],"tags":[],"venue":{"id":117320,"author":"1","status":"publish","date":"2023-04-06 09:52:51","date_utc":"2023-04-06 08:52:51","modified":"2023-04-06 12:39:48","modified_utc":"2023-04-06 11:39:48","url":"https:\/\/www.ccb.pt\/venue\/centro-cultural-de-belem\/","venue":"Centro Cultural de Bel\u00e9m","slug":"centro-cultural-de-belem","address":"Pra\u00e7a do Imp\u00e9rio","city":"Lisboa","country":"Portugal","province":"Lisboa","zip":"1449-003","phone":"(+351) 21 361 2400","stateprovince":"Lisboa","json_ld":{"@type":"Place","name":"Centro Cultural de Bel\u00e9m","description":"","url":"https:\/\/www.ccb.pt\/venue\/centro-cultural-de-belem\/","address":{"@type":"PostalAddress","streetAddress":"Pra\u00e7a do Imp\u00e9rio","addressLocality":"Lisboa","addressRegion":"Lisboa","postalCode":"1449-003","addressCountry":"Portugal"},"telephone":"(+351) 21 361 2400","sameAs":""},"show_map":false,"show_map_link":false,"global_id":"www.ccb.pt\/en\/?id=117320","global_id_lineage":["www.ccb.pt\/en\/?id=117320"]},"organizer":[],"json_ld":{"@context":"http:\/\/schema.org","@type":"Event","name":"Easter Concert \u2013 Requiem by Mozart","description":"&lt;p&gt;Mozart\u2019s Requiem stands as a monument to the human condition. Its origins contain all the ingredients of a best-selling novel: the artist\u2019s absolute devotion to his craft, secret identities, conspiracy, death \u2014 all embodied in the very musical form most closely tied to those themes. Yet beyond its mysterious history, it is sublime music that [&hellip;]&lt;\/p&gt;\\n","url":"https:\/\/www.ccb.pt\/en\/evento\/easter-concert-requiem-by-mozart\/2026-04-02\/","startDate":"2026-04-02T20:00:00+01:00","endDate":"2026-04-02T21:00:00+01:00","location":{"@type":"Place","name":"Centro Cultural de Bel\u00e9m","description":"","url":"https:\/\/www.ccb.pt\/venue\/centro-cultural-de-belem\/","address":{"@type":"PostalAddress","streetAddress":"Pra\u00e7a do Imp\u00e9rio","addressLocality":"Lisboa","addressRegion":"Lisboa","postalCode":"1449-003","addressCountry":"Portugal"},"telephone":"(+351) 21 361 2400","sameAs":""},"performer":"Organization"}}