    {"id":197977,"global_id":"www.ccb.pt\/en\/?id=197977","global_id_lineage":["www.ccb.pt\/en\/?id=197977"],"author":"6","status":"publish","date":"2024-10-15 18:32:41","date_utc":"2024-10-15 17:32:41","modified":"2024-10-23 10:28:03","modified_utc":"2024-10-23 09:28:03","url":"https:\/\/www.ccb.pt\/en\/evento\/djset-umafricana\/","rest_url":"https:\/\/www.ccb.pt\/en\/wp-json\/tribe\/events\/v1\/events\/197977","title":"DJSet UMAFRICANA","description":"<p>Sandra Bald\u00e9, conhecida no digital por <strong>@umafricana<\/strong>, \u00e9 DJ, produtora de eventos, escritora, empreendedora e vai animar a pista do MAC\/CCB com os sons mais ritmados do continente africano, entre o <em>afrobeat<\/em>,\u00a0<em>amapiano<\/em>,<\/p>\n<p><em>coup\u00e9 decal\u00e9<\/em>,\u00a0<em>gqom<\/em>,\u00a0<em>afrohouse<\/em>,\u00a0<em>kuduro<\/em>\u00a0e\u00a0<em>afrotech<\/em>, que se funde com as sonoridades do\u00a0<em>pop<\/em>,\u00a0<em>hip-pop<\/em>\u00a0e\u00a0<em>R&amp;B<\/em>.<\/p>\n<p>&nbsp;<\/p>\n<p>Conhe\u00e7a <strong><span style=\"color: #0000ff\"><a style=\"color: #0000ff\" href=\"https:\/\/www.ccb.pt\/en\/evento\/1-o-aniversario-do-mac-ccb\/2024-10-26\/\">aqui<\/a><\/span><\/strong> o programa que prepar\u00e1mos para si, neste 1.\u00ba Anivers\u00e1rio MAC\/CCB.<\/p>","excerpt":"","slug":"djset-umafricana","image":{"url":"https:\/\/www.ccb.pt\/wp-content\/uploads\/2024\/10\/umaafricana_edited-scaled-e1729013157644.jpg","id":197952,"extension":"jpg","width":2560,"height":1137,"filesize":443840,"sizes":{"medium":{"width":300,"height":133,"mime-type":"image\/jpeg","filesize":8958,"url":"https:\/\/www.ccb.pt\/wp-content\/uploads\/2024\/10\/umaafricana_edited-300x133.jpg"},"large":{"width":1024,"height":455,"mime-type":"image\/jpeg","filesize":63347,"url":"https:\/\/www.ccb.pt\/wp-content\/uploads\/2024\/10\/umaafricana_edited-1024x455.jpg"},"thumbnail":{"width":150,"height":150,"mime-type":"image\/jpeg","filesize":5466,"url":"https:\/\/www.ccb.pt\/wp-content\/uploads\/2024\/10\/umaafricana_edited-150x150.jpg"},"medium_large":{"width":768,"height":341,"mime-type":"image\/jpeg","filesize":37526,"url":"https:\/\/www.ccb.pt\/wp-content\/uploads\/2024\/10\/umaafricana_edited-768x341.jpg"},"1536x1536":{"width":1536,"height":682,"mime-type":"image\/jpeg","filesize":146226,"url":"https:\/\/www.ccb.pt\/wp-content\/uploads\/2024\/10\/umaafricana_edited-1536x682.jpg"},"2048x2048":{"width":2048,"height":910,"mime-type":"image\/jpeg","filesize":273552,"url":"https:\/\/www.ccb.pt\/wp-content\/uploads\/2024\/10\/umaafricana_edited-2048x910.jpg"},"home-1":{"width":385,"height":554,"mime-type":"image\/jpeg","filesize":31304,"url":"https:\/\/www.ccb.pt\/wp-content\/uploads\/2024\/10\/umaafricana_edited-385x554.jpg"},"home-2":{"width":600,"height":272,"mime-type":"image\/jpeg","filesize":25207,"url":"https:\/\/www.ccb.pt\/wp-content\/uploads\/2024\/10\/umaafricana_edited-600x272.jpg"},"banners":{"width":2560,"height":893,"mime-type":"image\/jpeg","filesize":351263,"url":"https:\/\/www.ccb.pt\/wp-content\/uploads\/2024\/10\/umaafricana_edited-2560x893.jpg"},"custom_card_size":{"width":436,"height":220,"mime-type":"image\/jpeg","filesize":17242,"url":"https:\/\/www.ccb.pt\/wp-content\/uploads\/2024\/10\/umaafricana_edited-436x220.jpg"}},"original_image":"umaafricana_edited.jpg"},"all_day":false,"start_date":"2024-10-26 21:00:00","start_date_details":{"year":"2024","month":"10","day":"26","hour":"21","minutes":"00","seconds":"00"},"end_date":"2024-10-26 23:59:00","end_date_details":{"year":"2024","month":"10","day":"26","hour":"23","minutes":"59","seconds":"00"},"utc_start_date":"2024-10-26 20:00:00","utc_start_date_details":{"year":"2024","month":"10","day":"26","hour":"20","minutes":"00","seconds":"00"},"utc_end_date":"2024-10-26 22:59:00","utc_end_date_details":{"year":"2024","month":"10","day":"26","hour":"22","minutes":"59","seconds":"00"},"timezone":"Europe\/Lisbon","timezone_abbr":"WEST","cost":"","cost_details":{"currency_symbol":"","currency_code":"","currency_position":"prefix","values":[]},"website":"","show_map":false,"show_map_link":true,"hide_from_listings":false,"sticky":false,"featured":false,"categories":[{"name":"Ativities","slug":"atividades-en","term_group":0,"term_taxonomy_id":646,"taxonomy":"tribe_events_cat","description":"","parent":0,"count":69,"filter":"raw","term_order":"0","id":646,"urls":{"self":"https:\/\/www.ccb.pt\/en\/wp-json\/tribe\/events\/v1\/categories\/646","collection":"https:\/\/www.ccb.pt\/en\/wp-json\/tribe\/events\/v1\/categories"}},{"name":"MAC\/CCB","slug":"mac-ccb-en","term_group":0,"term_taxonomy_id":565,"taxonomy":"tribe_events_cat","description":"","parent":0,"count":734,"filter":"raw","term_order":"0","id":565,"urls":{"self":"https:\/\/www.ccb.pt\/en\/wp-json\/tribe\/events\/v1\/categories\/565","collection":"https:\/\/www.ccb.pt\/en\/wp-json\/tribe\/events\/v1\/categories"}},{"name":"Music","slug":"music","term_group":0,"term_taxonomy_id":590,"taxonomy":"tribe_events_cat","description":"","parent":0,"count":254,"filter":"raw","term_order":"0","id":590,"urls":{"self":"https:\/\/www.ccb.pt\/en\/wp-json\/tribe\/events\/v1\/categories\/590","collection":"https:\/\/www.ccb.pt\/en\/wp-json\/tribe\/events\/v1\/categories"}},{"name":"Presentation","slug":"apresentacao-en","term_group":0,"term_taxonomy_id":683,"taxonomy":"tribe_events_cat","description":"","parent":0,"count":9,"filter":"raw","term_order":"0","id":683,"urls":{"self":"https:\/\/www.ccb.pt\/en\/wp-json\/tribe\/events\/v1\/categories\/683","collection":"https:\/\/www.ccb.pt\/en\/wp-json\/tribe\/events\/v1\/categories"}}],"tags":[{"name":"Museum","slug":"museu-en","term_group":0,"term_taxonomy_id":606,"taxonomy":"post_tag","description":"","parent":0,"count":220,"filter":"raw","term_order":"0","id":606,"urls":{"self":"https:\/\/www.ccb.pt\/en\/wp-json\/tribe\/events\/v1\/tags\/606","collection":"https:\/\/www.ccb.pt\/en\/wp-json\/tribe\/events\/v1\/tags"}},{"name":"Music","slug":"musica-en","term_group":0,"term_taxonomy_id":669,"taxonomy":"post_tag","description":"","parent":0,"count":169,"filter":"raw","term_order":"0","id":669,"urls":{"self":"https:\/\/www.ccb.pt\/en\/wp-json\/tribe\/events\/v1\/tags\/669","collection":"https:\/\/www.ccb.pt\/en\/wp-json\/tribe\/events\/v1\/tags"}}],"venue":{"id":117320,"author":"1","status":"publish","date":"2023-04-06 09:52:51","date_utc":"2023-04-06 08:52:51","modified":"2023-04-06 12:39:48","modified_utc":"2023-04-06 11:39:48","url":"https:\/\/www.ccb.pt\/venue\/centro-cultural-de-belem\/","venue":"Centro Cultural de Bel\u00e9m","slug":"centro-cultural-de-belem","address":"Pra\u00e7a do Imp\u00e9rio","city":"Lisboa","country":"Portugal","province":"Lisboa","zip":"1449-003","phone":"(+351) 21 361 2400","stateprovince":"Lisboa","json_ld":{"@type":"Place","name":"Centro Cultural de Bel\u00e9m","description":"","url":"https:\/\/www.ccb.pt\/venue\/centro-cultural-de-belem\/","address":{"@type":"PostalAddress","streetAddress":"Pra\u00e7a do Imp\u00e9rio","addressLocality":"Lisboa","addressRegion":"Lisboa","postalCode":"1449-003","addressCountry":"Portugal"},"telephone":"(+351) 21 361 2400","sameAs":""},"show_map":false,"show_map_link":false,"global_id":"www.ccb.pt\/en\/?id=117320","global_id_lineage":["www.ccb.pt\/en\/?id=117320"]},"organizer":[],"json_ld":{"@context":"http:\/\/schema.org","@type":"Event","name":"DJSet UMAFRICANA","description":"&lt;p&gt;Sandra Bald\u00e9, conhecida no digital por @umafricana, \u00e9 DJ, produtora de eventos, escritora, empreendedora e vai animar a pista do MAC\/CCB com os sons mais ritmados do continente africano, entre o afrobeat,\u00a0amapiano, coup\u00e9 decal\u00e9,\u00a0gqom,\u00a0afrohouse,\u00a0kuduro\u00a0e\u00a0afrotech, que se funde com as sonoridades do\u00a0pop,\u00a0hip-pop\u00a0e\u00a0R&amp;B. &nbsp; Conhe\u00e7a aqui o programa que prepar\u00e1mos para si, neste 1.\u00ba Anivers\u00e1rio MAC\/CCB.&lt;\/p&gt;\\n","image":"https:\/\/www.ccb.pt\/wp-content\/uploads\/2024\/10\/umaafricana_edited-scaled-e1729013157644.jpg","url":"https:\/\/www.ccb.pt\/en\/evento\/djset-umafricana\/","startDate":"2024-10-26T21:00:00+01:00","endDate":"2024-10-26T23:59:00+01:00","location":{"@type":"Place","name":"Centro Cultural de Bel\u00e9m","description":"","url":"https:\/\/www.ccb.pt\/venue\/centro-cultural-de-belem\/","address":{"@type":"PostalAddress","streetAddress":"Pra\u00e7a do Imp\u00e9rio","addressLocality":"Lisboa","addressRegion":"Lisboa","postalCode":"1449-003","addressCountry":"Portugal"},"telephone":"(+351) 21 361 2400","sameAs":""},"performer":"Organization"}}