    {"id":197426,"global_id":"www.ccb.pt\/en\/?id=197426","global_id_lineage":["www.ccb.pt\/en\/?id=197426"],"author":"6","status":"publish","date":"2024-09-06 11:27:09","date_utc":"2024-09-06 10:27:09","modified":"2024-12-12 14:53:37","modified_utc":"2024-12-12 14:53:37","url":"https:\/\/www.ccb.pt\/en\/evento\/sofia-ramos\/","rest_url":"https:\/\/www.ccb.pt\/en\/wp-json\/tribe\/events\/v1\/events\/197426","title":"Sofia Ramos","description":"<p>Sofia Ramos, who has been connected to Fado since childhood, began her career in 2014 at Povo Lisboa and sang in Lisbon\u2019s most relevant fado houses. At CCB, she presents her debut album <em>Tudo o que n\u00e3o sei<\/em>, accompanied by Bernardo Couto, Pedro Salt\u00e3o and Francisco Brito.<\/p>\n<p>&nbsp;<\/p>\n<p>&nbsp;<\/p>","excerpt":"","slug":"sofia-ramos","image":{"url":"https:\/\/www.ccb.pt\/wp-content\/uploads\/2024\/08\/2000x940_SofiaRamos_Mfado_042_luiscarvalhal_HIRES_LuisCarvalhal.jpg","id":189058,"extension":"jpg","width":2000,"height":940,"filesize":735611,"sizes":{"medium":{"width":300,"height":141,"mime-type":"image\/jpeg","filesize":4427,"url":"https:\/\/www.ccb.pt\/wp-content\/uploads\/2024\/08\/2000x940_SofiaRamos_Mfado_042_luiscarvalhal_HIRES_LuisCarvalhal-300x141.jpg"},"large":{"width":1024,"height":481,"mime-type":"image\/jpeg","filesize":26696,"url":"https:\/\/www.ccb.pt\/wp-content\/uploads\/2024\/08\/2000x940_SofiaRamos_Mfado_042_luiscarvalhal_HIRES_LuisCarvalhal-1024x481.jpg"},"thumbnail":{"width":150,"height":150,"mime-type":"image\/jpeg","filesize":3985,"url":"https:\/\/www.ccb.pt\/wp-content\/uploads\/2024\/08\/2000x940_SofiaRamos_Mfado_042_luiscarvalhal_HIRES_LuisCarvalhal-150x150.jpg"},"medium_large":{"width":768,"height":361,"mime-type":"image\/jpeg","filesize":16980,"url":"https:\/\/www.ccb.pt\/wp-content\/uploads\/2024\/08\/2000x940_SofiaRamos_Mfado_042_luiscarvalhal_HIRES_LuisCarvalhal-768x361.jpg"},"1536x1536":{"width":1536,"height":722,"mime-type":"image\/jpeg","filesize":53313,"url":"https:\/\/www.ccb.pt\/wp-content\/uploads\/2024\/08\/2000x940_SofiaRamos_Mfado_042_luiscarvalhal_HIRES_LuisCarvalhal-1536x722.jpg"},"home-1":{"width":385,"height":554,"mime-type":"image\/jpeg","filesize":23902,"url":"https:\/\/www.ccb.pt\/wp-content\/uploads\/2024\/08\/2000x940_SofiaRamos_Mfado_042_luiscarvalhal_HIRES_LuisCarvalhal-385x554.jpg"},"home-2":{"width":600,"height":272,"mime-type":"image\/jpeg","filesize":11139,"url":"https:\/\/www.ccb.pt\/wp-content\/uploads\/2024\/08\/2000x940_SofiaRamos_Mfado_042_luiscarvalhal_HIRES_LuisCarvalhal-600x272.jpg"},"banners":{"width":2000,"height":893,"mime-type":"image\/jpeg","filesize":91858,"url":"https:\/\/www.ccb.pt\/wp-content\/uploads\/2024\/08\/2000x940_SofiaRamos_Mfado_042_luiscarvalhal_HIRES_LuisCarvalhal-2000x893.jpg"},"custom_card_size":{"width":436,"height":220,"mime-type":"image\/jpeg","filesize":7863,"url":"https:\/\/www.ccb.pt\/wp-content\/uploads\/2024\/08\/2000x940_SofiaRamos_Mfado_042_luiscarvalhal_HIRES_LuisCarvalhal-436x220.jpg"}}},"all_day":false,"start_date":"2025-01-22 20:00:00","start_date_details":{"year":"2025","month":"01","day":"22","hour":"20","minutes":"00","seconds":"00"},"end_date":"2025-01-22 20:00:00","end_date_details":{"year":"2025","month":"01","day":"22","hour":"20","minutes":"00","seconds":"00"},"utc_start_date":"2025-01-22 20:00:00","utc_start_date_details":{"year":"2025","month":"01","day":"22","hour":"20","minutes":"00","seconds":"00"},"utc_end_date":"2025-01-22 20:00:00","utc_end_date_details":{"year":"2025","month":"01","day":"22","hour":"20","minutes":"00","seconds":"00"},"timezone":"Europe\/Lisbon","timezone_abbr":"WET","cost":"","cost_details":{"currency_symbol":"","currency_code":"","currency_position":"prefix","values":[]},"website":"","show_map":false,"show_map_link":true,"hide_from_listings":false,"sticky":false,"featured":false,"categories":[{"name":"Fado","slug":"fado-en","term_group":0,"term_taxonomy_id":588,"taxonomy":"tribe_events_cat","description":"","parent":0,"count":26,"filter":"raw","term_order":"0","id":588,"urls":{"self":"https:\/\/www.ccb.pt\/en\/wp-json\/tribe\/events\/v1\/categories\/588","collection":"https:\/\/www.ccb.pt\/en\/wp-json\/tribe\/events\/v1\/categories"}},{"name":"Music","slug":"music","term_group":0,"term_taxonomy_id":590,"taxonomy":"tribe_events_cat","description":"","parent":0,"count":254,"filter":"raw","term_order":"0","id":590,"urls":{"self":"https:\/\/www.ccb.pt\/en\/wp-json\/tribe\/events\/v1\/categories\/590","collection":"https:\/\/www.ccb.pt\/en\/wp-json\/tribe\/events\/v1\/categories"}},{"name":"Performances","slug":"performances","term_group":0,"term_taxonomy_id":23,"taxonomy":"tribe_events_cat","description":"","parent":0,"count":781,"filter":"raw","term_order":"0","id":23,"urls":{"self":"https:\/\/www.ccb.pt\/en\/wp-json\/tribe\/events\/v1\/categories\/23","collection":"https:\/\/www.ccb.pt\/en\/wp-json\/tribe\/events\/v1\/categories"}}],"tags":[{"name":"Fado","slug":"fado-en","term_group":0,"term_taxonomy_id":279,"taxonomy":"post_tag","description":"","parent":0,"count":50,"filter":"raw","term_order":"0","id":279,"urls":{"self":"https:\/\/www.ccb.pt\/en\/wp-json\/tribe\/events\/v1\/tags\/279","collection":"https:\/\/www.ccb.pt\/en\/wp-json\/tribe\/events\/v1\/tags"}},{"name":"Music","slug":"musica-en","term_group":0,"term_taxonomy_id":669,"taxonomy":"post_tag","description":"","parent":0,"count":169,"filter":"raw","term_order":"0","id":669,"urls":{"self":"https:\/\/www.ccb.pt\/en\/wp-json\/tribe\/events\/v1\/tags\/669","collection":"https:\/\/www.ccb.pt\/en\/wp-json\/tribe\/events\/v1\/tags"}}],"venue":{"id":117320,"author":"1","status":"publish","date":"2023-04-06 09:52:51","date_utc":"2023-04-06 08:52:51","modified":"2023-04-06 12:39:48","modified_utc":"2023-04-06 11:39:48","url":"https:\/\/www.ccb.pt\/venue\/centro-cultural-de-belem\/","venue":"Centro Cultural de Bel\u00e9m","slug":"centro-cultural-de-belem","address":"Pra\u00e7a do Imp\u00e9rio","city":"Lisboa","country":"Portugal","province":"Lisboa","zip":"1449-003","phone":"(+351) 21 361 2400","stateprovince":"Lisboa","json_ld":{"@type":"Place","name":"Centro Cultural de Bel\u00e9m","description":"","url":"https:\/\/www.ccb.pt\/venue\/centro-cultural-de-belem\/","address":{"@type":"PostalAddress","streetAddress":"Pra\u00e7a do Imp\u00e9rio","addressLocality":"Lisboa","addressRegion":"Lisboa","postalCode":"1449-003","addressCountry":"Portugal"},"telephone":"(+351) 21 361 2400","sameAs":""},"show_map":false,"show_map_link":false,"global_id":"www.ccb.pt\/en\/?id=117320","global_id_lineage":["www.ccb.pt\/en\/?id=117320"]},"organizer":[],"json_ld":{"@context":"http:\/\/schema.org","@type":"Event","name":"Sofia Ramos","description":"&lt;p&gt;Sofia Ramos, who has been connected to Fado since childhood, began her career in 2014 at Povo Lisboa and sang in Lisbon\u2019s most relevant fado houses. At CCB, she presents her debut album Tudo o que n\u00e3o sei, accompanied by Bernardo Couto, Pedro Salt\u00e3o and Francisco Brito. &nbsp; &nbsp;&lt;\/p&gt;\\n","image":"https:\/\/www.ccb.pt\/wp-content\/uploads\/2024\/08\/2000x940_SofiaRamos_Mfado_042_luiscarvalhal_HIRES_LuisCarvalhal.jpg","url":"https:\/\/www.ccb.pt\/en\/evento\/sofia-ramos\/","startDate":"2025-01-22T20:00:00+00:00","endDate":"2025-01-22T20:00:00+00:00","location":{"@type":"Place","name":"Centro Cultural de Bel\u00e9m","description":"","url":"https:\/\/www.ccb.pt\/venue\/centro-cultural-de-belem\/","address":{"@type":"PostalAddress","streetAddress":"Pra\u00e7a do Imp\u00e9rio","addressLocality":"Lisboa","addressRegion":"Lisboa","postalCode":"1449-003","addressCountry":"Portugal"},"telephone":"(+351) 21 361 2400","sameAs":""},"performer":"Organization"}}