    {"id":197408,"global_id":"www.ccb.pt\/en\/?id=197408","global_id_lineage":["www.ccb.pt\/en\/?id=197408"],"author":"6","status":"publish","date":"2024-09-06 11:11:46","date_utc":"2024-09-06 10:11:46","modified":"2024-12-12 14:41:31","modified_utc":"2024-12-12 14:41:31","url":"https:\/\/www.ccb.pt\/en\/evento\/por-detras-da-cortina-labirintos-de-alice\/","rest_url":"https:\/\/www.ccb.pt\/en\/wp-json\/tribe\/events\/v1\/events\/197408","title":"Por detr\u00e1s da cortina \u2013 Labirintos de Alice  Making Of Ciclo Festa de Desanivers\u00e1rio","description":"<p><strong>Presentation of book IV + Making Of Documentary<\/strong><\/p>\n<p><em>Por detr\u00e1s da cortina <\/em>[Behind the Curtain] is a digital book and documentary that records the process of creating the cycle <em>Festa de Desanivers\u00e1rio<\/em> [Unbirthday Party] (2019-2021). Inspired by Lewis Carroll, it explores artistic creation for all childhoods, combining philosophy and contemporary issues with a multidisciplinary approach.<\/p>","excerpt":"","slug":"por-detras-da-cortina-labirintos-de-alice","image":{"url":"https:\/\/www.ccb.pt\/wp-content\/uploads\/2024\/08\/1200x630_Livro_PorDetrasDaCortina_cBeatrizBagulho_edited.jpg","id":186553,"extension":"jpg","width":1200,"height":426,"filesize":218634,"sizes":{"medium":{"width":300,"height":107,"mime-type":"image\/jpeg","filesize":8781,"url":"https:\/\/www.ccb.pt\/wp-content\/uploads\/2024\/08\/1200x630_Livro_PorDetrasDaCortina_cBeatrizBagulho_edited-300x107.jpg"},"large":{"width":1024,"height":364,"mime-type":"image\/jpeg","filesize":79896,"url":"https:\/\/www.ccb.pt\/wp-content\/uploads\/2024\/08\/1200x630_Livro_PorDetrasDaCortina_cBeatrizBagulho_edited-1024x364.jpg"},"thumbnail":{"width":150,"height":150,"mime-type":"image\/jpeg","filesize":9285,"url":"https:\/\/www.ccb.pt\/wp-content\/uploads\/2024\/08\/1200x630_Livro_PorDetrasDaCortina_cBeatrizBagulho_edited-150x150.jpg"},"medium_large":{"width":768,"height":273,"mime-type":"image\/jpeg","filesize":48329,"url":"https:\/\/www.ccb.pt\/wp-content\/uploads\/2024\/08\/1200x630_Livro_PorDetrasDaCortina_cBeatrizBagulho_edited-768x273.jpg"},"home-1":{"width":385,"height":426,"mime-type":"image\/jpeg","filesize":61597,"url":"https:\/\/www.ccb.pt\/wp-content\/uploads\/2024\/08\/1200x630_Livro_PorDetrasDaCortina_cBeatrizBagulho_edited-385x426.jpg"},"home-2":{"width":600,"height":272,"mime-type":"image\/jpeg","filesize":46541,"url":"https:\/\/www.ccb.pt\/wp-content\/uploads\/2024\/08\/1200x630_Livro_PorDetrasDaCortina_cBeatrizBagulho_edited-600x272.jpg"},"custom_card_size":{"width":436,"height":220,"mime-type":"image\/jpeg","filesize":32009,"url":"https:\/\/www.ccb.pt\/wp-content\/uploads\/2024\/08\/1200x630_Livro_PorDetrasDaCortina_cBeatrizBagulho_edited-436x220.jpg"}}},"all_day":false,"start_date":"2025-01-18 16:00:00","start_date_details":{"year":"2025","month":"01","day":"18","hour":"16","minutes":"00","seconds":"00"},"end_date":"2025-01-18 17:00:00","end_date_details":{"year":"2025","month":"01","day":"18","hour":"17","minutes":"00","seconds":"00"},"utc_start_date":"2025-01-18 16:00:00","utc_start_date_details":{"year":"2025","month":"01","day":"18","hour":"16","minutes":"00","seconds":"00"},"utc_end_date":"2025-01-18 17:00:00","utc_end_date_details":{"year":"2025","month":"01","day":"18","hour":"17","minutes":"00","seconds":"00"},"timezone":"Europe\/Lisbon","timezone_abbr":"WET","cost":"","cost_details":{"currency_symbol":"","currency_code":"","currency_position":"prefix","values":[]},"website":"","show_map":false,"show_map_link":true,"hide_from_listings":false,"sticky":false,"featured":false,"categories":[{"name":"F\u00e1brica das Artes","slug":"fabrica-das-artes-en-2","term_group":0,"term_taxonomy_id":404,"taxonomy":"tribe_events_cat","description":"","parent":0,"count":106,"filter":"raw","term_order":"0","id":404,"urls":{"self":"https:\/\/www.ccb.pt\/en\/wp-json\/tribe\/events\/v1\/categories\/404","collection":"https:\/\/www.ccb.pt\/en\/wp-json\/tribe\/events\/v1\/categories"}},{"name":"Families","slug":"families","term_group":0,"term_taxonomy_id":617,"taxonomy":"tribe_events_cat","description":"","parent":0,"count":68,"filter":"raw","term_order":"0","id":617,"urls":{"self":"https:\/\/www.ccb.pt\/en\/wp-json\/tribe\/events\/v1\/categories\/617","collection":"https:\/\/www.ccb.pt\/en\/wp-json\/tribe\/events\/v1\/categories"}},{"name":"Presentation","slug":"apresentacao-en","term_group":0,"term_taxonomy_id":683,"taxonomy":"tribe_events_cat","description":"","parent":0,"count":9,"filter":"raw","term_order":"0","id":683,"urls":{"self":"https:\/\/www.ccb.pt\/en\/wp-json\/tribe\/events\/v1\/categories\/683","collection":"https:\/\/www.ccb.pt\/en\/wp-json\/tribe\/events\/v1\/categories"}},{"name":"School","slug":"school","term_group":0,"term_taxonomy_id":402,"taxonomy":"tribe_events_cat","description":"","parent":0,"count":114,"filter":"raw","term_order":"0","id":402,"urls":{"self":"https:\/\/www.ccb.pt\/en\/wp-json\/tribe\/events\/v1\/categories\/402","collection":"https:\/\/www.ccb.pt\/en\/wp-json\/tribe\/events\/v1\/categories"}}],"tags":[],"venue":{"id":117320,"author":"1","status":"publish","date":"2023-04-06 09:52:51","date_utc":"2023-04-06 08:52:51","modified":"2023-04-06 12:39:48","modified_utc":"2023-04-06 11:39:48","url":"https:\/\/www.ccb.pt\/venue\/centro-cultural-de-belem\/","venue":"Centro Cultural de Bel\u00e9m","slug":"centro-cultural-de-belem","address":"Pra\u00e7a do Imp\u00e9rio","city":"Lisboa","country":"Portugal","province":"Lisboa","zip":"1449-003","phone":"(+351) 21 361 2400","stateprovince":"Lisboa","json_ld":{"@type":"Place","name":"Centro Cultural de Bel\u00e9m","description":"","url":"https:\/\/www.ccb.pt\/venue\/centro-cultural-de-belem\/","address":{"@type":"PostalAddress","streetAddress":"Pra\u00e7a do Imp\u00e9rio","addressLocality":"Lisboa","addressRegion":"Lisboa","postalCode":"1449-003","addressCountry":"Portugal"},"telephone":"(+351) 21 361 2400","sameAs":""},"show_map":false,"show_map_link":false,"global_id":"www.ccb.pt\/en\/?id=117320","global_id_lineage":["www.ccb.pt\/en\/?id=117320"]},"organizer":[],"json_ld":{"@context":"http:\/\/schema.org","@type":"Event","name":"Por detr\u00e1s da cortina \u2013 Labirintos de Alice  Making Of Ciclo Festa de Desanivers\u00e1rio","description":"&lt;p&gt;Presentation of book IV + Making Of Documentary Por detr\u00e1s da cortina is a digital book and documentary that records the process of creating the cycle Festa de Desanivers\u00e1rio (2019-2021). Inspired by Lewis Carroll, it explores artistic creation for all childhoods, combining philosophy and contemporary issues with a multidisciplinary approach.&lt;\/p&gt;\\n","image":"https:\/\/www.ccb.pt\/wp-content\/uploads\/2024\/08\/1200x630_Livro_PorDetrasDaCortina_cBeatrizBagulho_edited.jpg","url":"https:\/\/www.ccb.pt\/en\/evento\/por-detras-da-cortina-labirintos-de-alice\/","startDate":"2025-01-18T16:00:00+00:00","endDate":"2025-01-18T17:00:00+00:00","location":{"@type":"Place","name":"Centro Cultural de Bel\u00e9m","description":"","url":"https:\/\/www.ccb.pt\/venue\/centro-cultural-de-belem\/","address":{"@type":"PostalAddress","streetAddress":"Pra\u00e7a do Imp\u00e9rio","addressLocality":"Lisboa","addressRegion":"Lisboa","postalCode":"1449-003","addressCountry":"Portugal"},"telephone":"(+351) 21 361 2400","sameAs":""},"performer":"Organization"}}