    {"id":186147,"global_id":"www.ccb.pt\/en\/?id=186147","global_id_lineage":["www.ccb.pt\/en\/?id=186147"],"author":"6","status":"publish","date":"2024-09-09 11:20:22","date_utc":"2024-09-09 10:20:22","modified":"2024-09-09 11:20:22","modified_utc":"2024-09-09 10:20:22","url":"https:\/\/www.ccb.pt\/en\/evento\/sara-paixao\/","rest_url":"https:\/\/www.ccb.pt\/en\/wp-json\/tribe\/events\/v1\/events\/186147","title":"Sara Paix\u00e3o","description":"<p>Sara Paix\u00e3o presents her debut album, a Museu do Fado Discos edition. The album revisits traditional Fado themes and songs by Vin\u00edcius de Moraes, Toz\u00e9 Brito and Matias Dam\u00e1sio, with new poetic creations. Fado is her starting and ending point, guided by her voice and singular style.<\/p>","excerpt":"","slug":"sara-paixao","image":{"url":"https:\/\/www.ccb.pt\/wp-content\/uploads\/2024\/07\/2000x940_SaraPaixao_site_LuisCarvalhal.jpg","id":183877,"extension":"jpg","width":2000,"height":940,"filesize":445777,"sizes":{"medium":{"width":300,"height":141,"mime-type":"image\/jpeg","filesize":4439,"url":"https:\/\/www.ccb.pt\/wp-content\/uploads\/2024\/07\/2000x940_SaraPaixao_site_LuisCarvalhal-300x141.jpg"},"large":{"width":1024,"height":481,"mime-type":"image\/jpeg","filesize":32659,"url":"https:\/\/www.ccb.pt\/wp-content\/uploads\/2024\/07\/2000x940_SaraPaixao_site_LuisCarvalhal-1024x481.jpg"},"thumbnail":{"width":150,"height":150,"mime-type":"image\/jpeg","filesize":4468,"url":"https:\/\/www.ccb.pt\/wp-content\/uploads\/2024\/07\/2000x940_SaraPaixao_site_LuisCarvalhal-150x150.jpg"},"medium_large":{"width":768,"height":361,"mime-type":"image\/jpeg","filesize":19660,"url":"https:\/\/www.ccb.pt\/wp-content\/uploads\/2024\/07\/2000x940_SaraPaixao_site_LuisCarvalhal-768x361.jpg"},"1536x1536":{"width":1536,"height":722,"mime-type":"image\/jpeg","filesize":66398,"url":"https:\/\/www.ccb.pt\/wp-content\/uploads\/2024\/07\/2000x940_SaraPaixao_site_LuisCarvalhal-1536x722.jpg"},"home-1":{"width":385,"height":554,"mime-type":"image\/jpeg","filesize":33881,"url":"https:\/\/www.ccb.pt\/wp-content\/uploads\/2024\/07\/2000x940_SaraPaixao_site_LuisCarvalhal-385x554.jpg"},"home-2":{"width":600,"height":272,"mime-type":"image\/jpeg","filesize":12603,"url":"https:\/\/www.ccb.pt\/wp-content\/uploads\/2024\/07\/2000x940_SaraPaixao_site_LuisCarvalhal-600x272.jpg"},"banners":{"width":2000,"height":893,"mime-type":"image\/jpeg","filesize":114239,"url":"https:\/\/www.ccb.pt\/wp-content\/uploads\/2024\/07\/2000x940_SaraPaixao_site_LuisCarvalhal-2000x893.jpg"},"custom_card_size":{"width":436,"height":220,"mime-type":"image\/jpeg","filesize":8584,"url":"https:\/\/www.ccb.pt\/wp-content\/uploads\/2024\/07\/2000x940_SaraPaixao_site_LuisCarvalhal-436x220.jpg"}}},"all_day":false,"start_date":"2024-09-28 19:00:00","start_date_details":{"year":"2024","month":"09","day":"28","hour":"19","minutes":"00","seconds":"00"},"end_date":"2024-09-28 20:00:00","end_date_details":{"year":"2024","month":"09","day":"28","hour":"20","minutes":"00","seconds":"00"},"utc_start_date":"2024-09-28 18:00:00","utc_start_date_details":{"year":"2024","month":"09","day":"28","hour":"18","minutes":"00","seconds":"00"},"utc_end_date":"2024-09-28 19:00:00","utc_end_date_details":{"year":"2024","month":"09","day":"28","hour":"19","minutes":"00","seconds":"00"},"timezone":"Europe\/Lisbon","timezone_abbr":"WEST","cost":"","cost_details":{"currency_symbol":"","currency_code":"","currency_position":"prefix","values":[]},"website":"","show_map":false,"show_map_link":true,"hide_from_listings":false,"sticky":false,"featured":false,"categories":[{"name":"Fado","slug":"fado-en","term_group":0,"term_taxonomy_id":588,"taxonomy":"tribe_events_cat","description":"","parent":0,"count":26,"filter":"raw","term_order":"0","id":588,"urls":{"self":"https:\/\/www.ccb.pt\/en\/wp-json\/tribe\/events\/v1\/categories\/588","collection":"https:\/\/www.ccb.pt\/en\/wp-json\/tribe\/events\/v1\/categories"}},{"name":"Music","slug":"music","term_group":0,"term_taxonomy_id":590,"taxonomy":"tribe_events_cat","description":"","parent":0,"count":254,"filter":"raw","term_order":"0","id":590,"urls":{"self":"https:\/\/www.ccb.pt\/en\/wp-json\/tribe\/events\/v1\/categories\/590","collection":"https:\/\/www.ccb.pt\/en\/wp-json\/tribe\/events\/v1\/categories"}},{"name":"Performances","slug":"performances","term_group":0,"term_taxonomy_id":23,"taxonomy":"tribe_events_cat","description":"","parent":0,"count":783,"filter":"raw","term_order":"0","id":23,"urls":{"self":"https:\/\/www.ccb.pt\/en\/wp-json\/tribe\/events\/v1\/categories\/23","collection":"https:\/\/www.ccb.pt\/en\/wp-json\/tribe\/events\/v1\/categories"}}],"tags":[{"name":"Fado","slug":"fado-en","term_group":0,"term_taxonomy_id":279,"taxonomy":"post_tag","description":"","parent":0,"count":50,"filter":"raw","term_order":"0","id":279,"urls":{"self":"https:\/\/www.ccb.pt\/en\/wp-json\/tribe\/events\/v1\/tags\/279","collection":"https:\/\/www.ccb.pt\/en\/wp-json\/tribe\/events\/v1\/tags"}},{"name":"Music","slug":"musica-en","term_group":0,"term_taxonomy_id":669,"taxonomy":"post_tag","description":"","parent":0,"count":169,"filter":"raw","term_order":"0","id":669,"urls":{"self":"https:\/\/www.ccb.pt\/en\/wp-json\/tribe\/events\/v1\/tags\/669","collection":"https:\/\/www.ccb.pt\/en\/wp-json\/tribe\/events\/v1\/tags"}}],"venue":{"id":117320,"author":"1","status":"publish","date":"2023-04-06 09:52:51","date_utc":"2023-04-06 08:52:51","modified":"2023-04-06 12:39:48","modified_utc":"2023-04-06 11:39:48","url":"https:\/\/www.ccb.pt\/venue\/centro-cultural-de-belem\/","venue":"Centro Cultural de Bel\u00e9m","slug":"centro-cultural-de-belem","address":"Pra\u00e7a do Imp\u00e9rio","city":"Lisboa","country":"Portugal","province":"Lisboa","zip":"1449-003","phone":"(+351) 21 361 2400","stateprovince":"Lisboa","json_ld":{"@type":"Place","name":"Centro Cultural de Bel\u00e9m","description":"","url":"https:\/\/www.ccb.pt\/venue\/centro-cultural-de-belem\/","address":{"@type":"PostalAddress","streetAddress":"Pra\u00e7a do Imp\u00e9rio","addressLocality":"Lisboa","addressRegion":"Lisboa","postalCode":"1449-003","addressCountry":"Portugal"},"telephone":"(+351) 21 361 2400","sameAs":""},"show_map":false,"show_map_link":false,"global_id":"www.ccb.pt\/en\/?id=117320","global_id_lineage":["www.ccb.pt\/en\/?id=117320"]},"organizer":[],"json_ld":{"@context":"http:\/\/schema.org","@type":"Event","name":"Sara Paix\u00e3o","description":"&lt;p&gt;Sara Paix\u00e3o presents her debut album, a Museu do Fado Discos edition. The album revisits traditional Fado themes and songs by Vin\u00edcius de Moraes, Toz\u00e9 Brito and Matias Dam\u00e1sio, with new poetic creations. Fado is her starting and ending point, guided by her voice and singular style.&lt;\/p&gt;\\n","image":"https:\/\/www.ccb.pt\/wp-content\/uploads\/2024\/07\/2000x940_SaraPaixao_site_LuisCarvalhal.jpg","url":"https:\/\/www.ccb.pt\/en\/evento\/sara-paixao\/","startDate":"2024-09-28T19:00:00+01:00","endDate":"2024-09-28T20:00:00+01:00","location":{"@type":"Place","name":"Centro Cultural de Bel\u00e9m","description":"","url":"https:\/\/www.ccb.pt\/venue\/centro-cultural-de-belem\/","address":{"@type":"PostalAddress","streetAddress":"Pra\u00e7a do Imp\u00e9rio","addressLocality":"Lisboa","addressRegion":"Lisboa","postalCode":"1449-003","addressCountry":"Portugal"},"telephone":"(+351) 21 361 2400","sameAs":""},"performer":"Organization"}}