    {"id":186145,"global_id":"www.ccb.pt\/en\/?id=186145","global_id_lineage":["www.ccb.pt\/en\/?id=186145"],"author":"6","status":"publish","date":"2024-09-09 11:18:34","date_utc":"2024-09-09 10:18:34","modified":"2024-09-10 10:03:09","modified_utc":"2024-09-10 09:03:09","url":"https:\/\/www.ccb.pt\/en\/evento\/everyone-is-the-one\/","rest_url":"https:\/\/www.ccb.pt\/en\/wp-json\/tribe\/events\/v1\/events\/186145","title":"Everyone is The One","description":"<p>Marco Santos will present <em>Everyone is The One<\/em>, reflecting 15 years of his life. Each track represents meaningful experiences with influences from jazz, African and Brazilian music. The album, created after his return to Portugal, includes collaborations with Ricardo Toscano and Jon Luz, celebrating cultural diversity and musical heritage.<\/p>","excerpt":"","slug":"everyone-is-the-one","image":{"url":"https:\/\/www.ccb.pt\/wp-content\/uploads\/2024\/07\/2000x940_Marco_Santos_site_HugoMoura.jpg","id":183863,"extension":"jpg","width":2000,"height":940,"filesize":1450035,"sizes":{"medium":{"width":300,"height":141,"mime-type":"image\/jpeg","filesize":10595,"url":"https:\/\/www.ccb.pt\/wp-content\/uploads\/2024\/07\/2000x940_Marco_Santos_site_HugoMoura-300x141.jpg"},"large":{"width":1024,"height":481,"mime-type":"image\/jpeg","filesize":74486,"url":"https:\/\/www.ccb.pt\/wp-content\/uploads\/2024\/07\/2000x940_Marco_Santos_site_HugoMoura-1024x481.jpg"},"thumbnail":{"width":150,"height":150,"mime-type":"image\/jpeg","filesize":5401,"url":"https:\/\/www.ccb.pt\/wp-content\/uploads\/2024\/07\/2000x940_Marco_Santos_site_HugoMoura-150x150.jpg"},"medium_large":{"width":768,"height":361,"mime-type":"image\/jpeg","filesize":46790,"url":"https:\/\/www.ccb.pt\/wp-content\/uploads\/2024\/07\/2000x940_Marco_Santos_site_HugoMoura-768x361.jpg"},"1536x1536":{"width":1536,"height":722,"mime-type":"image\/jpeg","filesize":145857,"url":"https:\/\/www.ccb.pt\/wp-content\/uploads\/2024\/07\/2000x940_Marco_Santos_site_HugoMoura-1536x722.jpg"},"home-1":{"width":385,"height":554,"mime-type":"image\/jpeg","filesize":30404,"url":"https:\/\/www.ccb.pt\/wp-content\/uploads\/2024\/07\/2000x940_Marco_Santos_site_HugoMoura-385x554.jpg"},"home-2":{"width":600,"height":272,"mime-type":"image\/jpeg","filesize":30496,"url":"https:\/\/www.ccb.pt\/wp-content\/uploads\/2024\/07\/2000x940_Marco_Santos_site_HugoMoura-600x272.jpg"},"banners":{"width":2000,"height":893,"mime-type":"image\/jpeg","filesize":252968,"url":"https:\/\/www.ccb.pt\/wp-content\/uploads\/2024\/07\/2000x940_Marco_Santos_site_HugoMoura-2000x893.jpg"},"custom_card_size":{"width":436,"height":220,"mime-type":"image\/jpeg","filesize":19597,"url":"https:\/\/www.ccb.pt\/wp-content\/uploads\/2024\/07\/2000x940_Marco_Santos_site_HugoMoura-436x220.jpg"}}},"all_day":false,"start_date":"2024-09-21 19:00:00","start_date_details":{"year":"2024","month":"09","day":"21","hour":"19","minutes":"00","seconds":"00"},"end_date":"2024-09-21 20:30:00","end_date_details":{"year":"2024","month":"09","day":"21","hour":"20","minutes":"30","seconds":"00"},"utc_start_date":"2024-09-21 18:00:00","utc_start_date_details":{"year":"2024","month":"09","day":"21","hour":"18","minutes":"00","seconds":"00"},"utc_end_date":"2024-09-21 19:30:00","utc_end_date_details":{"year":"2024","month":"09","day":"21","hour":"19","minutes":"30","seconds":"00"},"timezone":"Europe\/Lisbon","timezone_abbr":"WEST","cost":"","cost_details":{"currency_symbol":"","currency_code":"","currency_position":"prefix","values":[]},"website":"","show_map":false,"show_map_link":true,"hide_from_listings":false,"sticky":false,"featured":false,"categories":[{"name":"Jazz","slug":"jazz-en","term_group":0,"term_taxonomy_id":598,"taxonomy":"tribe_events_cat","description":"","parent":0,"count":45,"filter":"raw","term_order":"0","id":598,"urls":{"self":"https:\/\/www.ccb.pt\/en\/wp-json\/tribe\/events\/v1\/categories\/598","collection":"https:\/\/www.ccb.pt\/en\/wp-json\/tribe\/events\/v1\/categories"}},{"name":"Music","slug":"music","term_group":0,"term_taxonomy_id":590,"taxonomy":"tribe_events_cat","description":"","parent":0,"count":254,"filter":"raw","term_order":"0","id":590,"urls":{"self":"https:\/\/www.ccb.pt\/en\/wp-json\/tribe\/events\/v1\/categories\/590","collection":"https:\/\/www.ccb.pt\/en\/wp-json\/tribe\/events\/v1\/categories"}},{"name":"Performances","slug":"performances","term_group":0,"term_taxonomy_id":23,"taxonomy":"tribe_events_cat","description":"","parent":0,"count":781,"filter":"raw","term_order":"0","id":23,"urls":{"self":"https:\/\/www.ccb.pt\/en\/wp-json\/tribe\/events\/v1\/categories\/23","collection":"https:\/\/www.ccb.pt\/en\/wp-json\/tribe\/events\/v1\/categories"}}],"tags":[{"name":"Music","slug":"musica-en","term_group":0,"term_taxonomy_id":669,"taxonomy":"post_tag","description":"","parent":0,"count":169,"filter":"raw","term_order":"0","id":669,"urls":{"self":"https:\/\/www.ccb.pt\/en\/wp-json\/tribe\/events\/v1\/tags\/669","collection":"https:\/\/www.ccb.pt\/en\/wp-json\/tribe\/events\/v1\/tags"}}],"venue":{"id":117320,"author":"1","status":"publish","date":"2023-04-06 09:52:51","date_utc":"2023-04-06 08:52:51","modified":"2023-04-06 12:39:48","modified_utc":"2023-04-06 11:39:48","url":"https:\/\/www.ccb.pt\/venue\/centro-cultural-de-belem\/","venue":"Centro Cultural de Bel\u00e9m","slug":"centro-cultural-de-belem","address":"Pra\u00e7a do Imp\u00e9rio","city":"Lisboa","country":"Portugal","province":"Lisboa","zip":"1449-003","phone":"(+351) 21 361 2400","stateprovince":"Lisboa","json_ld":{"@type":"Place","name":"Centro Cultural de Bel\u00e9m","description":"","url":"https:\/\/www.ccb.pt\/venue\/centro-cultural-de-belem\/","address":{"@type":"PostalAddress","streetAddress":"Pra\u00e7a do Imp\u00e9rio","addressLocality":"Lisboa","addressRegion":"Lisboa","postalCode":"1449-003","addressCountry":"Portugal"},"telephone":"(+351) 21 361 2400","sameAs":""},"show_map":false,"show_map_link":false,"global_id":"www.ccb.pt\/en\/?id=117320","global_id_lineage":["www.ccb.pt\/en\/?id=117320"]},"organizer":[],"json_ld":{"@context":"http:\/\/schema.org","@type":"Event","name":"Everyone is The One","description":"&lt;p&gt;Marco Santos will present Everyone is The One, reflecting 15 years of his life. Each track represents meaningful experiences with influences from jazz, African and Brazilian music. The album, created after his return to Portugal, includes collaborations with Ricardo Toscano and Jon Luz, celebrating cultural diversity and musical heritage.&lt;\/p&gt;\\n","image":"https:\/\/www.ccb.pt\/wp-content\/uploads\/2024\/07\/2000x940_Marco_Santos_site_HugoMoura.jpg","url":"https:\/\/www.ccb.pt\/en\/evento\/everyone-is-the-one\/","startDate":"2024-09-21T19:00:00+01:00","endDate":"2024-09-21T20:30:00+01:00","location":{"@type":"Place","name":"Centro Cultural de Bel\u00e9m","description":"","url":"https:\/\/www.ccb.pt\/venue\/centro-cultural-de-belem\/","address":{"@type":"PostalAddress","streetAddress":"Pra\u00e7a do Imp\u00e9rio","addressLocality":"Lisboa","addressRegion":"Lisboa","postalCode":"1449-003","addressCountry":"Portugal"},"telephone":"(+351) 21 361 2400","sameAs":""},"performer":"Organization"}}