    {"id":126808,"global_id":"www.ccb.pt\/en\/?id=126808","global_id_lineage":["www.ccb.pt\/en\/?id=126808"],"author":"6","status":"publish","date":"2023-06-22 10:00:23","date_utc":"2023-06-22 09:00:23","modified":"2023-07-13 10:04:56","modified_utc":"2023-07-13 09:04:56","url":"https:\/\/www.ccb.pt\/en\/evento\/grandes-cantores-para-a-opera-de-hoje\/","rest_url":"https:\/\/www.ccb.pt\/en\/wp-json\/tribe\/events\/v1\/events\/126808","title":"<i>Great Singers for Opera Today<\/i>","description":"<p>Operafest Lisboa 2023 presents the show <em>Great Singers for Opera Today <\/em>within the scope of the contemporary opera competition Opera Marathon XXI, this year focusing on emerging singers and the interpretation of the opera of our time, in Portuguese, in co-production with the MPMP, Heritage Movement for Portuguese Music.<\/p>","excerpt":"","slug":"grandes-cantores-para-a-opera-de-hoje","image":{"url":"https:\/\/www.ccb.pt\/wp-content\/uploads\/2023\/04\/Foto-Maratona-Horizontal-scaled.jpg","id":118966,"extension":"jpg","width":2560,"height":1217,"sizes":{"medium":{"width":300,"height":143,"mime-type":"image\/jpeg","url":"https:\/\/www.ccb.pt\/wp-content\/uploads\/2023\/04\/Foto-Maratona-Horizontal-300x143.jpg"},"large":{"width":1024,"height":487,"mime-type":"image\/jpeg","url":"https:\/\/www.ccb.pt\/wp-content\/uploads\/2023\/04\/Foto-Maratona-Horizontal-1024x487.jpg"},"thumbnail":{"width":150,"height":150,"mime-type":"image\/jpeg","url":"https:\/\/www.ccb.pt\/wp-content\/uploads\/2023\/04\/Foto-Maratona-Horizontal-150x150.jpg"},"medium_large":{"width":768,"height":365,"mime-type":"image\/jpeg","url":"https:\/\/www.ccb.pt\/wp-content\/uploads\/2023\/04\/Foto-Maratona-Horizontal-768x365.jpg"},"1536x1536":{"width":1536,"height":730,"mime-type":"image\/jpeg","url":"https:\/\/www.ccb.pt\/wp-content\/uploads\/2023\/04\/Foto-Maratona-Horizontal-1536x730.jpg"},"2048x2048":{"width":2048,"height":973,"mime-type":"image\/jpeg","url":"https:\/\/www.ccb.pt\/wp-content\/uploads\/2023\/04\/Foto-Maratona-Horizontal-2048x973.jpg"},"home-1":{"width":385,"height":554,"mime-type":"image\/jpeg","url":"https:\/\/www.ccb.pt\/wp-content\/uploads\/2023\/04\/Foto-Maratona-Horizontal-385x554.jpg"},"home-2":{"width":600,"height":272,"mime-type":"image\/jpeg","url":"https:\/\/www.ccb.pt\/wp-content\/uploads\/2023\/04\/Foto-Maratona-Horizontal-600x272.jpg"},"banners":{"width":2560,"height":893,"mime-type":"image\/jpeg","url":"https:\/\/www.ccb.pt\/wp-content\/uploads\/2023\/04\/Foto-Maratona-Horizontal-2560x893.jpg"},"custom_card_size":{"width":436,"height":220,"mime-type":"image\/jpeg","url":"https:\/\/www.ccb.pt\/wp-content\/uploads\/2023\/04\/Foto-Maratona-Horizontal-436x220.jpg"}},"original_image":"Foto-Maratona-Horizontal.jpg"},"all_day":false,"start_date":"2023-09-06 21:00:00","start_date_details":{"year":"2023","month":"09","day":"06","hour":"21","minutes":"00","seconds":"00"},"end_date":"2023-09-06 22:00:00","end_date_details":{"year":"2023","month":"09","day":"06","hour":"22","minutes":"00","seconds":"00"},"utc_start_date":"2023-09-06 20:00:00","utc_start_date_details":{"year":"2023","month":"09","day":"06","hour":"20","minutes":"00","seconds":"00"},"utc_end_date":"2023-09-06 21:00:00","utc_end_date_details":{"year":"2023","month":"09","day":"06","hour":"21","minutes":"00","seconds":"00"},"timezone":"Europe\/Lisbon","timezone_abbr":"WEST","cost":"","cost_details":{"currency_symbol":"","currency_code":"","currency_position":"prefix","values":[]},"website":"","show_map":false,"show_map_link":true,"hide_from_listings":false,"sticky":false,"featured":false,"categories":[{"name":"Opera","slug":"opera-en","term_group":0,"term_taxonomy_id":586,"taxonomy":"tribe_events_cat","description":"","parent":0,"count":18,"filter":"raw","term_order":"0","id":586,"urls":{"self":"https:\/\/www.ccb.pt\/en\/wp-json\/tribe\/events\/v1\/categories\/586","collection":"https:\/\/www.ccb.pt\/en\/wp-json\/tribe\/events\/v1\/categories"}},{"name":"Performances","slug":"performances","term_group":0,"term_taxonomy_id":23,"taxonomy":"tribe_events_cat","description":"","parent":0,"count":783,"filter":"raw","term_order":"0","id":23,"urls":{"self":"https:\/\/www.ccb.pt\/en\/wp-json\/tribe\/events\/v1\/categories\/23","collection":"https:\/\/www.ccb.pt\/en\/wp-json\/tribe\/events\/v1\/categories"}}],"tags":[],"venue":{"id":117320,"author":"1","status":"publish","date":"2023-04-06 09:52:51","date_utc":"2023-04-06 08:52:51","modified":"2023-04-06 12:39:48","modified_utc":"2023-04-06 11:39:48","url":"https:\/\/www.ccb.pt\/venue\/centro-cultural-de-belem\/","venue":"Centro Cultural de Bel\u00e9m","slug":"centro-cultural-de-belem","address":"Pra\u00e7a do Imp\u00e9rio","city":"Lisboa","country":"Portugal","province":"Lisboa","zip":"1449-003","phone":"(+351) 21 361 2400","stateprovince":"Lisboa","json_ld":{"@type":"Place","name":"Centro Cultural de Bel\u00e9m","description":"","url":"https:\/\/www.ccb.pt\/venue\/centro-cultural-de-belem\/","address":{"@type":"PostalAddress","streetAddress":"Pra\u00e7a do Imp\u00e9rio","addressLocality":"Lisboa","addressRegion":"Lisboa","postalCode":"1449-003","addressCountry":"Portugal"},"telephone":"(+351) 21 361 2400","sameAs":""},"show_map":false,"show_map_link":false,"global_id":"www.ccb.pt\/en\/?id=117320","global_id_lineage":["www.ccb.pt\/en\/?id=117320"]},"organizer":[],"json_ld":{"@context":"http:\/\/schema.org","@type":"Event","name":"&lt;i&gt;Great Singers for Opera Today&lt;\/i&gt;","description":"&lt;p&gt;Operafest Lisboa 2023 presents the show Great Singers for Opera Today within the scope of the contemporary opera competition Opera Marathon XXI, this year focusing on emerging singers and the interpretation of the opera of our time, in Portuguese, in co-production with the MPMP, Heritage Movement for Portuguese Music.&lt;\/p&gt;\\n","image":"https:\/\/www.ccb.pt\/wp-content\/uploads\/2023\/04\/Foto-Maratona-Horizontal-scaled.jpg","url":"https:\/\/www.ccb.pt\/en\/evento\/grandes-cantores-para-a-opera-de-hoje\/","startDate":"2023-09-06T21:00:00+01:00","endDate":"2023-09-06T22:00:00+01:00","location":{"@type":"Place","name":"Centro Cultural de Bel\u00e9m","description":"","url":"https:\/\/www.ccb.pt\/venue\/centro-cultural-de-belem\/","address":{"@type":"PostalAddress","streetAddress":"Pra\u00e7a do Imp\u00e9rio","addressLocality":"Lisboa","addressRegion":"Lisboa","postalCode":"1449-003","addressCountry":"Portugal"},"telephone":"(+351) 21 361 2400","sameAs":""},"performer":"Organization"}}